{"id":2802,"date":"2024-01-10T10:25:30","date_gmt":"2024-01-10T09:25:30","guid":{"rendered":"http:\/\/delfin-pakrac.com\/press\/?p=2802"},"modified":"2024-01-10T10:25:30","modified_gmt":"2024-01-10T09:25:30","slug":"mreza-podrske-i-suradnje-za-zrtve-i-svjedoke-kaznenih-djela-prvi-sastanak-novog-trogodisnjeg-ciklusa","status":"publish","type":"post","link":"https:\/\/delfin-pakrac.com\/press\/?p=2802","title":{"rendered":"MRE\u017dA PODR\u0160KE I SURADNJE ZA \u017dRTVE I SVJEDOKE KAZNENIH DJELA: Prvi sastanak novog trogodi\u0161njeg ciklusa"},"content":{"rendered":"<p>Prvi ovogodi\u0161nji i novocikluski partnerski sastanak u okviru Mre\u017ee podr\u0161ke i suradnje za \u017ertve i svjedoke kaznenih djela odr\u017ean je 10. sije\u010dnja 2024. godine s po\u010detkom u 10 sati.<\/p>\n<p>Na partnerskom sastanku se razgovaralo o aktivnostima za 2024.godinu &#8211; detaljnije za prvih \u0161est mjeseci. Osim narativnog dijela, dio je posve\u0107en i financijama zbog novina u obrascima i vezano uz prenamjenu.<\/p>\n<p>Na sastanku su sudjelovale \u010dlanice OCD &#8220;DELFIN&#8221;.<\/p>\n<p><img loading=\"lazy\" decoding=\"async\" class=\"aligncenter size-large wp-image-2803\" src=\"http:\/\/delfin-pakrac.com\/press\/wp-content\/uploads\/2024\/01\/IMG_5775-1024x768.jpg\" alt=\"\" width=\"584\" height=\"438\" srcset=\"https:\/\/delfin-pakrac.com\/press\/wp-content\/uploads\/2024\/01\/IMG_5775-1024x768.jpg 1024w, https:\/\/delfin-pakrac.com\/press\/wp-content\/uploads\/2024\/01\/IMG_5775-300x225.jpg 300w, https:\/\/delfin-pakrac.com\/press\/wp-content\/uploads\/2024\/01\/IMG_5775-768x576.jpg 768w, https:\/\/delfin-pakrac.com\/press\/wp-content\/uploads\/2024\/01\/IMG_5775-1536x1152.jpg 1536w, https:\/\/delfin-pakrac.com\/press\/wp-content\/uploads\/2024\/01\/IMG_5775-2048x1536.jpg 2048w, https:\/\/delfin-pakrac.com\/press\/wp-content\/uploads\/2024\/01\/IMG_5775-400x300.jpg 400w\" sizes=\"auto, (max-width: 584px) 100vw, 584px\" \/><\/p>\n","protected":false},"excerpt":{"rendered":"<p>Prvi ovogodi\u0161nji i novocikluski partnerski sastanak u okviru Mre\u017ee podr\u0161ke i suradnje za \u017ertve i svjedoke kaznenih djela odr\u017ean je 10. sije\u010dnja 2024. godine s po\u010detkom u 10 sati. Na partnerskom sastanku se razgovaralo o aktivnostima za 2024.godinu &#8211; detaljnije &hellip; <a href=\"https:\/\/delfin-pakrac.com\/press\/?p=2802\">Nastavi \u010ditati <span class=\"meta-nav\">&rarr;<\/span><\/a><\/p>\n","protected":false},"author":1,"featured_media":0,"comment_status":"closed","ping_status":"open","sticky":false,"template":"","format":"standard","meta":{"footnotes":""},"categories":[1],"tags":[],"class_list":["post-2802","post","type-post","status-publish","format-standard","hentry","category-uncategorized"],"_links":{"self":[{"href":"https:\/\/delfin-pakrac.com\/press\/index.php?rest_route=\/wp\/v2\/posts\/2802","targetHints":{"allow":["GET"]}}],"collection":[{"href":"https:\/\/delfin-pakrac.com\/press\/index.php?rest_route=\/wp\/v2\/posts"}],"about":[{"href":"https:\/\/delfin-pakrac.com\/press\/index.php?rest_route=\/wp\/v2\/types\/post"}],"author":[{"embeddable":true,"href":"https:\/\/delfin-pakrac.com\/press\/index.php?rest_route=\/wp\/v2\/users\/1"}],"replies":[{"embeddable":true,"href":"https:\/\/delfin-pakrac.com\/press\/index.php?rest_route=%2Fwp%2Fv2%2Fcomments&post=2802"}],"version-history":[{"count":1,"href":"https:\/\/delfin-pakrac.com\/press\/index.php?rest_route=\/wp\/v2\/posts\/2802\/revisions"}],"predecessor-version":[{"id":2804,"href":"https:\/\/delfin-pakrac.com\/press\/index.php?rest_route=\/wp\/v2\/posts\/2802\/revisions\/2804"}],"wp:attachment":[{"href":"https:\/\/delfin-pakrac.com\/press\/index.php?rest_route=%2Fwp%2Fv2%2Fmedia&parent=2802"}],"wp:term":[{"taxonomy":"category","embeddable":true,"href":"https:\/\/delfin-pakrac.com\/press\/index.php?rest_route=%2Fwp%2Fv2%2Fcategories&post=2802"},{"taxonomy":"post_tag","embeddable":true,"href":"https:\/\/delfin-pakrac.com\/press\/index.php?rest_route=%2Fwp%2Fv2%2Ftags&post=2802"}],"curies":[{"name":"wp","href":"https:\/\/api.w.org\/{rel}","templated":true}]}}