{"id":2800,"date":"2023-12-30T23:46:56","date_gmt":"2023-12-30T22:46:56","guid":{"rendered":"http:\/\/delfin-pakrac.com\/press\/?p=2800"},"modified":"2023-12-30T23:46:56","modified_gmt":"2023-12-30T22:46:56","slug":"zahtjev-zenskih-organizacija-vladi-rh-za-hitno-poduzimanje-mjera-protiv-nasilja-nad-zenama-i-femicida","status":"publish","type":"post","link":"https:\/\/delfin-pakrac.com\/press\/?p=2800","title":{"rendered":"Zahtjev \u017eenskih organizacija Vladi RH za hitno poduzimanje mjera protiv nasilja nad \u017eenama i femicida"},"content":{"rendered":"<p>Hrvatska je ju\u010der svjedo\u010dila dvostrukom femicidu. Ubijene su dvije \u017eene, supruga, \u0161to predstavlja intimni femicid, i majka, \u0161to je ubojstvo bliske \u017eenske osobe, matricid. Po\u010dinitelj je potom ubio sebe.<br \/>\nIsti dan, prema napisima u medijima dogodio se mogu\u0107i poku\u0161aj femicida i ranjavanje \u017eene bombom od strane mu\u0161karca.<br \/>\nPrema analizi koju je na temelju dostupnih podataka izradila nezavisna stru\u010dnjakinja Dunja Bonacci Skenderovi\u0107, u 2023. godini u Hrvatskoj je ubijeno 9 \u017eena. Svi po\u010dinitelji su mu\u0161karci. 7 \u017eena ubile su njima bliske osobe \u2013 od toga 5 \u017eena ubijeno je od strane initimnog partnera.<br \/>\nO poku\u0161ajima femicida nema dostupnih podataka, \u0161to ne \u010dudi jer je upitno samo prepoznavanje rodno uvjetovanog nasilja.<br \/>\nTako\u0111er ovih dana je ravnatelj centra za socijalnu skrb prijavljen za obiteljsko nasilje. Kako o\u010dekivati da \u0107e \u017eene prijavljivati nasilje institucijama kada svjedo\u010dimo ovakvim slu\u010dajevima? Jo\u0161 jednom se potvr\u0111uje izostanak u\u010dinkovite politike suzbijanja nasilja nad \u017eenama i u obitelji. \u017drtvama nasilja \u0161alje se poruka opravdanog nepovjerenja u sustav koji ne prepoznaje \u017ertvu.<br \/>\nKrajnje je vrijeme da se problem nasilja prema \u017eenama shvati ozbiljno. Va\u017eno je kroz konkretne zakonske promjene poslati usmjerenu i jasnu poruku o postojanju politi\u010dke volje da se za\u0161titi \u017ertva i kazni po\u010dinitelj!<br \/>\nDa bismo prestali nasilje \u010diniti po\u017eeljnim, nu\u017eno je svaki oblik nasilja nad \u017eenama staviti u kaznenu sferu, a sveobuhvatnom Nacionalnom strategijom uspostaviti odgovaraju\u0107e prevencijske mehanizme.<br \/>\nPodsje\u0107amo na prijedlog zakonske definicije femicida kao rodno uvjetovanog ubojstva \u017eena s navo\u0111enjem vrsta femicida (\u010dlanak 111.a KZ-a) te s obrazlo\u017eenjem pojma rodno uvjetovanog nasilja (\u010dl. 87. KZ-a) koji potpisuju organizacije civilnog dru\u0161tva CESI, Domine, SOS Rijeka i \u017denska mre\u017ea Hrvatske, mre\u017ea 30 organizacija civilnog dru\u0161tva, a podr\u017eavaju brojne druge organizacije i inicijative.<br \/>\nPitamo se za\u0161to jo\u0161 uvijek nisu donesene izmjene Kaznenog zakona koje je najavio premijer?<br \/>\nTra\u017eimo hitno usvajanje izmjena Kaznenog zakona te implementaciju 17 preporuka Vije\u0107a stranaka, potpisnica Konvencije Vije\u0107a Europe temeljenih na Izvje\u0161\u0107u GREVIO odbora, dono\u0161enjem i provedbom strategija, planova i zakona za suzbijanje rodno uvjetovanog nasilja i femicida.<\/p>\n<p>\u017denska mre\u017ea Hrvatske:<br \/>\nAutonomna \u017eenska ku\u0107a Zagreb<br \/>\nCentar za \u017eenske studije<br \/>\nCentar za gra\u0111ansku hrabrost \u2013 HRABRE SESTRE<br \/>\nCentar za gra\u0111anske inicijative Pore\u010d<br \/>\nCentar za \u017eene \u017ertve rata ROSA<br \/>\nCentar za podr\u0161ku i razvoj civilnog dru\u0161tva \u201eDELFIN\u201c<br \/>\nCentar za dru\u0161tveno-humanisti\u010dka istra\u017eivanja Zadar<br \/>\nCentar za zdravo odrastanje IDEM i ja Mali Lo\u0161inj<br \/>\nDE\u0160A \u2013 Dubrovnik<br \/>\nDomine \u2013 organizacija za promicanje \u017eenskih prava<br \/>\nKoordinacija \u017eenskih grupa SEKA<\/p>\n<p>Lezbijska grupa Kontra<br \/>\nMirovna grupa OAZA<br \/>\nProjekt gra\u0111anske demokratske inicijative Beli Manastir\u00a0 &#8211; P.G.D.I.<br \/>\nSOS Rijeka &#8211;\u00a0centar za nenasilje i ljudska prava<br \/>\nSOS Virovitica<br \/>\nTARA Li\u010dko Petrovo selo<br \/>\nUdruga Brod<br \/>\nUdruga \u201eHERA\u201c Kri\u017eevci \u2013 za za\u0161titu i promicanje ljudskih prava<br \/>\nUdruga \u017eena Dalj<br \/>\nUdruga \u017eena Nit, Korenica<br \/>\nUdruga \u017eena Romkinja u Hrvatskoj \u201eBolja budu\u0107nost\u201c<br \/>\nUdruga \u017eena Vukovar<br \/>\n\u017denska grupa Donji Lapac<br \/>\n\u017denska grupa Split<br \/>\n\u017denska pomo\u0107 sada \u2013 SOS telefon za \u017eene i djecu \u017ertve nasilja<br \/>\n\u017denska udruga Izvor Tenja<br \/>\n\u017denska sekcija SSSH<\/p>\n<p>CESI \u2013 Centar za edukaciju, savjetovanje i istra\u017eivanje<br \/>\nZaklada Solidarna<br \/>\nU dobroj vjeri<br \/>\nSigurna mjesta<br \/>\nRODA &#8211; roditelji u akciji<\/p>\n","protected":false},"excerpt":{"rendered":"<p>Hrvatska je ju\u010der svjedo\u010dila dvostrukom femicidu. Ubijene su dvije \u017eene, supruga, \u0161to predstavlja intimni femicid, i majka, \u0161to je ubojstvo bliske \u017eenske osobe, matricid. Po\u010dinitelj je potom ubio sebe. Isti dan, prema napisima u medijima dogodio se mogu\u0107i poku\u0161aj femicida &hellip; <a href=\"https:\/\/delfin-pakrac.com\/press\/?p=2800\">Nastavi \u010ditati <span class=\"meta-nav\">&rarr;<\/span><\/a><\/p>\n","protected":false},"author":1,"featured_media":0,"comment_status":"closed","ping_status":"open","sticky":false,"template":"","format":"standard","meta":{"footnotes":""},"categories":[1],"tags":[],"class_list":["post-2800","post","type-post","status-publish","format-standard","hentry","category-uncategorized"],"_links":{"self":[{"href":"https:\/\/delfin-pakrac.com\/press\/index.php?rest_route=\/wp\/v2\/posts\/2800","targetHints":{"allow":["GET"]}}],"collection":[{"href":"https:\/\/delfin-pakrac.com\/press\/index.php?rest_route=\/wp\/v2\/posts"}],"about":[{"href":"https:\/\/delfin-pakrac.com\/press\/index.php?rest_route=\/wp\/v2\/types\/post"}],"author":[{"embeddable":true,"href":"https:\/\/delfin-pakrac.com\/press\/index.php?rest_route=\/wp\/v2\/users\/1"}],"replies":[{"embeddable":true,"href":"https:\/\/delfin-pakrac.com\/press\/index.php?rest_route=%2Fwp%2Fv2%2Fcomments&post=2800"}],"version-history":[{"count":1,"href":"https:\/\/delfin-pakrac.com\/press\/index.php?rest_route=\/wp\/v2\/posts\/2800\/revisions"}],"predecessor-version":[{"id":2801,"href":"https:\/\/delfin-pakrac.com\/press\/index.php?rest_route=\/wp\/v2\/posts\/2800\/revisions\/2801"}],"wp:attachment":[{"href":"https:\/\/delfin-pakrac.com\/press\/index.php?rest_route=%2Fwp%2Fv2%2Fmedia&parent=2800"}],"wp:term":[{"taxonomy":"category","embeddable":true,"href":"https:\/\/delfin-pakrac.com\/press\/index.php?rest_route=%2Fwp%2Fv2%2Fcategories&post=2800"},{"taxonomy":"post_tag","embeddable":true,"href":"https:\/\/delfin-pakrac.com\/press\/index.php?rest_route=%2Fwp%2Fv2%2Ftags&post=2800"}],"curies":[{"name":"wp","href":"https:\/\/api.w.org\/{rel}","templated":true}]}}