{"id":2724,"date":"2023-11-28T16:20:43","date_gmt":"2023-11-28T15:20:43","guid":{"rendered":"http:\/\/delfin-pakrac.com\/press\/?p=2724"},"modified":"2023-11-28T16:20:43","modified_gmt":"2023-11-28T15:20:43","slug":"globalna-akcija-16-dana-aktivizma","status":"publish","type":"post","link":"https:\/\/delfin-pakrac.com\/press\/?p=2724","title":{"rendered":"GLOBALNA AKCIJA: 16 dana aktivizma"},"content":{"rendered":"<p>OCD &#8220;DELFIN&#8221; se priklju\u010dio globalnoj akciji obilje\u017eavanja 16 dana aktivizma koja traje od 25. studenoga 2023. (Me\u0111unarodni dan borbe protiv nasilja nad \u017eenama) do 10. prosinca 2023. godine (Dan ljudskih prava).<\/p>\n<p>Tom smo prigodom 27. studenoga 2023. godine organizirale radionicu za udruge \u017eena s podr\u010dja Pakraca na kojoj smo razgovarale o mogu\u0107nosti sudjelovanja \u017eena u kulturnom i javnom \u017eivotu zajednice.<\/p>\n<p><img loading=\"lazy\" decoding=\"async\" class=\"aligncenter size-large wp-image-2718\" src=\"http:\/\/delfin-pakrac.com\/press\/wp-content\/uploads\/2023\/11\/PHOTO-2023-11-28-08-46-44-1024x768.jpg\" alt=\"\" width=\"584\" height=\"438\" srcset=\"https:\/\/delfin-pakrac.com\/press\/wp-content\/uploads\/2023\/11\/PHOTO-2023-11-28-08-46-44-1024x768.jpg 1024w, https:\/\/delfin-pakrac.com\/press\/wp-content\/uploads\/2023\/11\/PHOTO-2023-11-28-08-46-44-300x225.jpg 300w, https:\/\/delfin-pakrac.com\/press\/wp-content\/uploads\/2023\/11\/PHOTO-2023-11-28-08-46-44-768x576.jpg 768w, https:\/\/delfin-pakrac.com\/press\/wp-content\/uploads\/2023\/11\/PHOTO-2023-11-28-08-46-44-1536x1152.jpg 1536w, https:\/\/delfin-pakrac.com\/press\/wp-content\/uploads\/2023\/11\/PHOTO-2023-11-28-08-46-44-400x300.jpg 400w, https:\/\/delfin-pakrac.com\/press\/wp-content\/uploads\/2023\/11\/PHOTO-2023-11-28-08-46-44.jpg 2016w\" sizes=\"auto, (max-width: 584px) 100vw, 584px\" \/> <img loading=\"lazy\" decoding=\"async\" class=\"aligncenter size-large wp-image-2717\" src=\"http:\/\/delfin-pakrac.com\/press\/wp-content\/uploads\/2023\/11\/PHOTO-2023-11-28-08-48-30-1-1024x768.jpg\" alt=\"\" width=\"584\" height=\"438\" srcset=\"https:\/\/delfin-pakrac.com\/press\/wp-content\/uploads\/2023\/11\/PHOTO-2023-11-28-08-48-30-1-1024x768.jpg 1024w, https:\/\/delfin-pakrac.com\/press\/wp-content\/uploads\/2023\/11\/PHOTO-2023-11-28-08-48-30-1-300x225.jpg 300w, https:\/\/delfin-pakrac.com\/press\/wp-content\/uploads\/2023\/11\/PHOTO-2023-11-28-08-48-30-1-768x576.jpg 768w, https:\/\/delfin-pakrac.com\/press\/wp-content\/uploads\/2023\/11\/PHOTO-2023-11-28-08-48-30-1-1536x1152.jpg 1536w, https:\/\/delfin-pakrac.com\/press\/wp-content\/uploads\/2023\/11\/PHOTO-2023-11-28-08-48-30-1-400x300.jpg 400w, https:\/\/delfin-pakrac.com\/press\/wp-content\/uploads\/2023\/11\/PHOTO-2023-11-28-08-48-30-1.jpg 1600w\" sizes=\"auto, (max-width: 584px) 100vw, 584px\" \/> <img loading=\"lazy\" decoding=\"async\" class=\"aligncenter size-large wp-image-2716\" src=\"http:\/\/delfin-pakrac.com\/press\/wp-content\/uploads\/2023\/11\/PHOTO-2023-11-28-08-48-30-2-1024x768.jpg\" alt=\"\" width=\"584\" height=\"438\" srcset=\"https:\/\/delfin-pakrac.com\/press\/wp-content\/uploads\/2023\/11\/PHOTO-2023-11-28-08-48-30-2-1024x768.jpg 1024w, https:\/\/delfin-pakrac.com\/press\/wp-content\/uploads\/2023\/11\/PHOTO-2023-11-28-08-48-30-2-300x225.jpg 300w, https:\/\/delfin-pakrac.com\/press\/wp-content\/uploads\/2023\/11\/PHOTO-2023-11-28-08-48-30-2-768x576.jpg 768w, https:\/\/delfin-pakrac.com\/press\/wp-content\/uploads\/2023\/11\/PHOTO-2023-11-28-08-48-30-2-1536x1152.jpg 1536w, https:\/\/delfin-pakrac.com\/press\/wp-content\/uploads\/2023\/11\/PHOTO-2023-11-28-08-48-30-2-400x300.jpg 400w, https:\/\/delfin-pakrac.com\/press\/wp-content\/uploads\/2023\/11\/PHOTO-2023-11-28-08-48-30-2.jpg 1600w\" sizes=\"auto, (max-width: 584px) 100vw, 584px\" \/><\/p>\n","protected":false},"excerpt":{"rendered":"<p>OCD &#8220;DELFIN&#8221; se priklju\u010dio globalnoj akciji obilje\u017eavanja 16 dana aktivizma koja traje od 25. studenoga 2023. (Me\u0111unarodni dan borbe protiv nasilja nad \u017eenama) do 10. prosinca 2023. godine (Dan ljudskih prava). Tom smo prigodom 27. studenoga 2023. godine organizirale radionicu &hellip; <a href=\"https:\/\/delfin-pakrac.com\/press\/?p=2724\">Nastavi \u010ditati <span class=\"meta-nav\">&rarr;<\/span><\/a><\/p>\n","protected":false},"author":1,"featured_media":0,"comment_status":"closed","ping_status":"open","sticky":false,"template":"","format":"standard","meta":{"footnotes":""},"categories":[1],"tags":[],"class_list":["post-2724","post","type-post","status-publish","format-standard","hentry","category-uncategorized"],"_links":{"self":[{"href":"https:\/\/delfin-pakrac.com\/press\/index.php?rest_route=\/wp\/v2\/posts\/2724","targetHints":{"allow":["GET"]}}],"collection":[{"href":"https:\/\/delfin-pakrac.com\/press\/index.php?rest_route=\/wp\/v2\/posts"}],"about":[{"href":"https:\/\/delfin-pakrac.com\/press\/index.php?rest_route=\/wp\/v2\/types\/post"}],"author":[{"embeddable":true,"href":"https:\/\/delfin-pakrac.com\/press\/index.php?rest_route=\/wp\/v2\/users\/1"}],"replies":[{"embeddable":true,"href":"https:\/\/delfin-pakrac.com\/press\/index.php?rest_route=%2Fwp%2Fv2%2Fcomments&post=2724"}],"version-history":[{"count":1,"href":"https:\/\/delfin-pakrac.com\/press\/index.php?rest_route=\/wp\/v2\/posts\/2724\/revisions"}],"predecessor-version":[{"id":2725,"href":"https:\/\/delfin-pakrac.com\/press\/index.php?rest_route=\/wp\/v2\/posts\/2724\/revisions\/2725"}],"wp:attachment":[{"href":"https:\/\/delfin-pakrac.com\/press\/index.php?rest_route=%2Fwp%2Fv2%2Fmedia&parent=2724"}],"wp:term":[{"taxonomy":"category","embeddable":true,"href":"https:\/\/delfin-pakrac.com\/press\/index.php?rest_route=%2Fwp%2Fv2%2Fcategories&post=2724"},{"taxonomy":"post_tag","embeddable":true,"href":"https:\/\/delfin-pakrac.com\/press\/index.php?rest_route=%2Fwp%2Fv2%2Ftags&post=2724"}],"curies":[{"name":"wp","href":"https:\/\/api.w.org\/{rel}","templated":true}]}}