{"id":4489,"date":"2026-04-29T11:56:16","date_gmt":"2026-04-29T09:56:16","guid":{"rendered":"https:\/\/delfin-pakrac.com\/press\/?p=4489"},"modified":"2026-04-29T11:56:16","modified_gmt":"2026-04-29T09:56:16","slug":"studijska-posjeta","status":"publish","type":"post","link":"http:\/\/delfin-pakrac.com\/press\/?p=4489","title":{"rendered":"Studijska posjeta"},"content":{"rendered":"<p>U utorak 28.04.2026. Pakrac su posjetili profesori i studenti uklju\u010deni u program koji zajedno provode DOCUMENTA Zagreb u suradnji s Fakultetom politi\u010dkih znanosti, Filozofskim fakultetom i Srpskim narodnim vije\u0107em. Posjetili su kulturne spomenike , a kroz panel diskusiju u kojoj su sudjelovale i \u010dlanice OCD DELFIN-a. upoznati su sa povijesno kulturnim identitetom Pakraca, kroz stolje\u0107a. Veliki interes su pokazali za proces izgradnje mira koji je u Pakracu zapo\u010deo ranih devedesetih. Panel rasprava odr\u017eana je u kompleksu Kurije Jankovi\u0107. Studijsko putovanje se nastavlja posjetom drugim mjestima u Hrvatskoj i Bosni i Hercegovini.<\/p>\n<p><a href=\"https:\/\/delfin-pakrac.com\/press\/?attachment_id=4491\" rel=\"attachment wp-att-4491\"><img loading=\"lazy\" decoding=\"async\" class=\"aligncenter size-full wp-image-4491\" src=\"http:\/\/delfin-pakrac.com\/press\/wp-content\/uploads\/2026\/04\/1000207384-scaled.jpg\" alt=\"\" width=\"2560\" height=\"1920\" srcset=\"http:\/\/delfin-pakrac.com\/press\/wp-content\/uploads\/2026\/04\/1000207384-scaled.jpg 2560w, http:\/\/delfin-pakrac.com\/press\/wp-content\/uploads\/2026\/04\/1000207384-300x225.jpg 300w\" sizes=\"auto, (max-width: 2560px) 100vw, 2560px\" \/><\/a><a href=\"https:\/\/delfin-pakrac.com\/press\/?attachment_id=4492\" rel=\"attachment wp-att-4492\"><img loading=\"lazy\" decoding=\"async\" class=\"aligncenter size-full wp-image-4492\" src=\"http:\/\/delfin-pakrac.com\/press\/wp-content\/uploads\/2026\/04\/1000207389-scaled.jpg\" alt=\"\" width=\"2560\" height=\"1920\" srcset=\"http:\/\/delfin-pakrac.com\/press\/wp-content\/uploads\/2026\/04\/1000207389-scaled.jpg 2560w, http:\/\/delfin-pakrac.com\/press\/wp-content\/uploads\/2026\/04\/1000207389-300x225.jpg 300w\" sizes=\"auto, (max-width: 2560px) 100vw, 2560px\" \/><\/a><a href=\"https:\/\/delfin-pakrac.com\/press\/?attachment_id=4493\" rel=\"attachment wp-att-4493\"><img loading=\"lazy\" decoding=\"async\" class=\"aligncenter size-full wp-image-4493\" src=\"http:\/\/delfin-pakrac.com\/press\/wp-content\/uploads\/2026\/04\/1000207393-scaled.jpg\" alt=\"\" width=\"2560\" height=\"1920\" srcset=\"http:\/\/delfin-pakrac.com\/press\/wp-content\/uploads\/2026\/04\/1000207393-scaled.jpg 2560w, http:\/\/delfin-pakrac.com\/press\/wp-content\/uploads\/2026\/04\/1000207393-300x225.jpg 300w\" sizes=\"auto, (max-width: 2560px) 100vw, 2560px\" \/><\/a><a href=\"https:\/\/delfin-pakrac.com\/press\/?attachment_id=4490\" rel=\"attachment wp-att-4490\"><img loading=\"lazy\" decoding=\"async\" class=\"aligncenter size-full wp-image-4490\" src=\"http:\/\/delfin-pakrac.com\/press\/wp-content\/uploads\/2026\/04\/1000207386-scaled.jpg\" alt=\"\" width=\"2560\" height=\"1920\" srcset=\"http:\/\/delfin-pakrac.com\/press\/wp-content\/uploads\/2026\/04\/1000207386-scaled.jpg 2560w, http:\/\/delfin-pakrac.com\/press\/wp-content\/uploads\/2026\/04\/1000207386-300x225.jpg 300w\" sizes=\"auto, (max-width: 2560px) 100vw, 2560px\" \/><\/a><a href=\"https:\/\/delfin-pakrac.com\/press\/?attachment_id=4494\" rel=\"attachment wp-att-4494\"><img loading=\"lazy\" decoding=\"async\" class=\"aligncenter size-full wp-image-4494\" src=\"http:\/\/delfin-pakrac.com\/press\/wp-content\/uploads\/2026\/04\/1000207385-scaled.jpg\" alt=\"\" width=\"2560\" height=\"1920\" srcset=\"http:\/\/delfin-pakrac.com\/press\/wp-content\/uploads\/2026\/04\/1000207385-scaled.jpg 2560w, http:\/\/delfin-pakrac.com\/press\/wp-content\/uploads\/2026\/04\/1000207385-300x225.jpg 300w\" sizes=\"auto, (max-width: 2560px) 100vw, 2560px\" \/><\/a><\/p>\n","protected":false},"excerpt":{"rendered":"<p>U utorak 28.04.2026. Pakrac su posjetili profesori i studenti uklju\u010deni u program koji zajedno provode DOCUMENTA Zagreb u suradnji s Fakultetom politi\u010dkih znanosti, Filozofskim fakultetom i Srpskim narodnim vije\u0107em. Posjetili su kulturne spomenike , a kroz panel diskusiju u kojoj &hellip; <a href=\"http:\/\/delfin-pakrac.com\/press\/?p=4489\">Nastavi \u010ditati <span class=\"meta-nav\">&rarr;<\/span><\/a><\/p>\n","protected":false},"author":1,"featured_media":0,"comment_status":"closed","ping_status":"open","sticky":false,"template":"","format":"standard","meta":{"footnotes":""},"categories":[1],"tags":[],"class_list":["post-4489","post","type-post","status-publish","format-standard","hentry","category-uncategorized"],"_links":{"self":[{"href":"http:\/\/delfin-pakrac.com\/press\/index.php?rest_route=\/wp\/v2\/posts\/4489","targetHints":{"allow":["GET"]}}],"collection":[{"href":"http:\/\/delfin-pakrac.com\/press\/index.php?rest_route=\/wp\/v2\/posts"}],"about":[{"href":"http:\/\/delfin-pakrac.com\/press\/index.php?rest_route=\/wp\/v2\/types\/post"}],"author":[{"embeddable":true,"href":"http:\/\/delfin-pakrac.com\/press\/index.php?rest_route=\/wp\/v2\/users\/1"}],"replies":[{"embeddable":true,"href":"http:\/\/delfin-pakrac.com\/press\/index.php?rest_route=%2Fwp%2Fv2%2Fcomments&post=4489"}],"version-history":[{"count":1,"href":"http:\/\/delfin-pakrac.com\/press\/index.php?rest_route=\/wp\/v2\/posts\/4489\/revisions"}],"predecessor-version":[{"id":4495,"href":"http:\/\/delfin-pakrac.com\/press\/index.php?rest_route=\/wp\/v2\/posts\/4489\/revisions\/4495"}],"wp:attachment":[{"href":"http:\/\/delfin-pakrac.com\/press\/index.php?rest_route=%2Fwp%2Fv2%2Fmedia&parent=4489"}],"wp:term":[{"taxonomy":"category","embeddable":true,"href":"http:\/\/delfin-pakrac.com\/press\/index.php?rest_route=%2Fwp%2Fv2%2Fcategories&post=4489"},{"taxonomy":"post_tag","embeddable":true,"href":"http:\/\/delfin-pakrac.com\/press\/index.php?rest_route=%2Fwp%2Fv2%2Ftags&post=4489"}],"curies":[{"name":"wp","href":"https:\/\/api.w.org\/{rel}","templated":true}]}}