{"id":4359,"date":"2026-03-03T10:54:49","date_gmt":"2026-03-03T09:54:49","guid":{"rendered":"https:\/\/delfin-pakrac.com\/press\/?p=4359"},"modified":"2026-03-03T10:54:49","modified_gmt":"2026-03-03T09:54:49","slug":"sastanak-za-meduresorni-trening","status":"publish","type":"post","link":"http:\/\/delfin-pakrac.com\/press\/?p=4359","title":{"rendered":"Sastanak za me\u0111uresorni trening"},"content":{"rendered":"<p>Utorak 3.o\u017eujka 2026. odr\u017ean je sastanak \u010dlanica\u00a0 MRE\u017dE koje pripremaju me\u0111uresorni trening u Trako\u0161\u0107anu od 25.05.-27.05.2026. OCD DELFIN, Udruga HERA Kri\u017eevci, S.O.S. Virovitica, IPC Slavonski Brod, Udruga za podr\u0161ku \u017ertvama i svjedocima i SOS Krapinsko-zagorske \u017eupanije. Na sastanku smo razgovarali o predava\u010dima, temama i financijskoj konstrukciji. Svaka organizacija je preuzela odgovornost za pojedine aktivnosti.<a href=\"https:\/\/delfin-pakrac.com\/press\/?attachment_id=4360\" rel=\"attachment wp-att-4360\"><img loading=\"lazy\" decoding=\"async\" class=\"aligncenter size-large wp-image-4360\" src=\"http:\/\/delfin-pakrac.com\/press\/wp-content\/uploads\/2026\/03\/Snimka-zaslona-2026-03-03-095100-1024x578.png\" alt=\"\" width=\"584\" height=\"330\" srcset=\"http:\/\/delfin-pakrac.com\/press\/wp-content\/uploads\/2026\/03\/Snimka-zaslona-2026-03-03-095100-1024x578.png 1024w, http:\/\/delfin-pakrac.com\/press\/wp-content\/uploads\/2026\/03\/Snimka-zaslona-2026-03-03-095100-300x169.png 300w, http:\/\/delfin-pakrac.com\/press\/wp-content\/uploads\/2026\/03\/Snimka-zaslona-2026-03-03-095100-768x433.png 768w, http:\/\/delfin-pakrac.com\/press\/wp-content\/uploads\/2026\/03\/Snimka-zaslona-2026-03-03-095100-1536x866.png 1536w, http:\/\/delfin-pakrac.com\/press\/wp-content\/uploads\/2026\/03\/Snimka-zaslona-2026-03-03-095100-500x282.png 500w, http:\/\/delfin-pakrac.com\/press\/wp-content\/uploads\/2026\/03\/Snimka-zaslona-2026-03-03-095100.png 1677w\" sizes=\"auto, (max-width: 584px) 100vw, 584px\" \/><\/a><\/p>\n<p>&nbsp;<\/p>\n","protected":false},"excerpt":{"rendered":"<p>Utorak 3.o\u017eujka 2026. odr\u017ean je sastanak \u010dlanica\u00a0 MRE\u017dE koje pripremaju me\u0111uresorni trening u Trako\u0161\u0107anu od 25.05.-27.05.2026. OCD DELFIN, Udruga HERA Kri\u017eevci, S.O.S. Virovitica, IPC Slavonski Brod, Udruga za podr\u0161ku \u017ertvama i svjedocima i SOS Krapinsko-zagorske \u017eupanije. Na sastanku smo razgovarali &hellip; <a href=\"http:\/\/delfin-pakrac.com\/press\/?p=4359\">Nastavi \u010ditati <span class=\"meta-nav\">&rarr;<\/span><\/a><\/p>\n","protected":false},"author":1,"featured_media":0,"comment_status":"closed","ping_status":"open","sticky":false,"template":"","format":"standard","meta":{"footnotes":""},"categories":[1],"tags":[],"class_list":["post-4359","post","type-post","status-publish","format-standard","hentry","category-uncategorized"],"_links":{"self":[{"href":"http:\/\/delfin-pakrac.com\/press\/index.php?rest_route=\/wp\/v2\/posts\/4359","targetHints":{"allow":["GET"]}}],"collection":[{"href":"http:\/\/delfin-pakrac.com\/press\/index.php?rest_route=\/wp\/v2\/posts"}],"about":[{"href":"http:\/\/delfin-pakrac.com\/press\/index.php?rest_route=\/wp\/v2\/types\/post"}],"author":[{"embeddable":true,"href":"http:\/\/delfin-pakrac.com\/press\/index.php?rest_route=\/wp\/v2\/users\/1"}],"replies":[{"embeddable":true,"href":"http:\/\/delfin-pakrac.com\/press\/index.php?rest_route=%2Fwp%2Fv2%2Fcomments&post=4359"}],"version-history":[{"count":1,"href":"http:\/\/delfin-pakrac.com\/press\/index.php?rest_route=\/wp\/v2\/posts\/4359\/revisions"}],"predecessor-version":[{"id":4361,"href":"http:\/\/delfin-pakrac.com\/press\/index.php?rest_route=\/wp\/v2\/posts\/4359\/revisions\/4361"}],"wp:attachment":[{"href":"http:\/\/delfin-pakrac.com\/press\/index.php?rest_route=%2Fwp%2Fv2%2Fmedia&parent=4359"}],"wp:term":[{"taxonomy":"category","embeddable":true,"href":"http:\/\/delfin-pakrac.com\/press\/index.php?rest_route=%2Fwp%2Fv2%2Fcategories&post=4359"},{"taxonomy":"post_tag","embeddable":true,"href":"http:\/\/delfin-pakrac.com\/press\/index.php?rest_route=%2Fwp%2Fv2%2Ftags&post=4359"}],"curies":[{"name":"wp","href":"https:\/\/api.w.org\/{rel}","templated":true}]}}