{"id":4338,"date":"2026-02-24T13:32:46","date_gmt":"2026-02-24T12:32:46","guid":{"rendered":"https:\/\/delfin-pakrac.com\/press\/?p=4338"},"modified":"2026-02-24T13:32:46","modified_gmt":"2026-02-24T12:32:46","slug":"mreza-podrske-i-suradnje-za-zrtve-i-svjedoke-kaznenih-djela-14","status":"publish","type":"post","link":"http:\/\/delfin-pakrac.com\/press\/?p=4338","title":{"rendered":"MRE\u017dA PODR\u0160KE I SURADNJE ZA \u017dRTVE I SVJEDOKE KAZNENIH DJELA"},"content":{"rendered":"<p>Utorak 24.velja\u010de 2026. odr\u017ean je godi\u0161nji partnerski sastanak s Ministarstvom pravosu\u0111a uprave i digitalne transformacije. Partnerske organizacije su iznosile kako vide svoj polo\u017eaj u zajednici, u samoj MRE\u017dI. Koji su najve\u0107i izazovi u zadr\u017eavanju stru\u010dnog kadra, organizacijski kapaciteti za ulazak u novi trogodi\u0161nji ciklus. Va\u017enost i potreba odr\u017eavanja me\u0111uresornih edukacija.<\/p>\n<p><a href=\"https:\/\/delfin-pakrac.com\/press\/?attachment_id=4339\" rel=\"attachment wp-att-4339\"><img loading=\"lazy\" decoding=\"async\" class=\"aligncenter size-large wp-image-4339\" src=\"http:\/\/delfin-pakrac.com\/press\/wp-content\/uploads\/2026\/02\/Snimka-zaslona-2026-02-24-112437-1024x576.png\" alt=\"\" width=\"584\" height=\"329\" srcset=\"http:\/\/delfin-pakrac.com\/press\/wp-content\/uploads\/2026\/02\/Snimka-zaslona-2026-02-24-112437-1024x576.png 1024w, http:\/\/delfin-pakrac.com\/press\/wp-content\/uploads\/2026\/02\/Snimka-zaslona-2026-02-24-112437-300x169.png 300w, http:\/\/delfin-pakrac.com\/press\/wp-content\/uploads\/2026\/02\/Snimka-zaslona-2026-02-24-112437-768x432.png 768w, http:\/\/delfin-pakrac.com\/press\/wp-content\/uploads\/2026\/02\/Snimka-zaslona-2026-02-24-112437-1536x864.png 1536w, http:\/\/delfin-pakrac.com\/press\/wp-content\/uploads\/2026\/02\/Snimka-zaslona-2026-02-24-112437-500x281.png 500w, http:\/\/delfin-pakrac.com\/press\/wp-content\/uploads\/2026\/02\/Snimka-zaslona-2026-02-24-112437.png 1679w\" sizes=\"auto, (max-width: 584px) 100vw, 584px\" \/><\/a><\/p>\n<p>Program provode \u017denska soba kao koordinatorica te Udruga za podr\u0161ku \u017ertvama i svjedocima; Centar za gra\u0111anske inicijative Pore\u010d; Delfin Zamir; Desa Dubrovnik; HERA Kri\u017eevci\u2013 za za\u0161titu i promicanje ljudskih prava; Informativno pravni centar \u2013 IPC; \u017denska grupa Karlovac KORAK; SOS Virovitica; SOS telefon za \u017eene \u017ertve nasilja Krapinsko \u2013 zagorske \u017eupanije, Zagorje; Udruga ZvoniMir, SOS Rijeka \u2013 Centar za nenasilje i ljudska prava.<\/p>\n<div dir=\"auto\">Program \u201eMre\u017ea podr\u0161ke i suradnje za \u017ertve i svjedoke kaznenih djela\u201c financira Ministarstvo pravosu\u0111a, uprave i digitalne transformacije RH.<\/div>\n<div dir=\"auto\">Vi\u0161e o Programu i kojoj organizaciji civilnog dru\u0161tva iz \u201cMre\u017ee podr\u0161ke\u201d se u kojoj \u017eupaniji mo\u017eete obratiti za pomo\u0107 i podr\u0161ku ukoliko ste \u017ertva ili svjedok\/inja kaznenog djela ili prekr\u0161aja nasilja u obitelji, saznajte na web stranici Programa\u00a0<span class=\"html-span xdj266r x14z9mp xat24cr x1lziwak xexx8yu xyri2b x18d9i69 x1c1uobl x1hl2dhg x16tdsg8 x1vvkbs\"><a class=\"x1i10hfl xjbqb8w x1ejq31n x18oe1m7 x1sy0etr xstzfhl x972fbf x10w94by x1qhh985 x14e42zd x9f619 x1ypdohk xt0psk2 x3ct3a4 xdj266r x14z9mp xat24cr x1lziwak xexx8yu xyri2b x18d9i69 x1c1uobl x16tdsg8 x1hl2dhg xggy1nq x1a2a7pz xkrqix3 x1sur9pj x1fey0fg x1s688f\" tabindex=\"0\" role=\"link\" href=\"http:\/\/www.mrezapodrskeisuradnje.com\/\" target=\"_blank\" rel=\"nofollow noopener noreferrer\">www.mrezapodrskeisuradnje.com.<\/a><\/span><\/div>\n<div dir=\"auto\">Sadr\u017eaj ove objave u isklju\u010divoj je odgovornosti korisnika i ni na koji na\u010din ne odra\u017eava gledi\u0161te Ministarstva pravosu\u0111a, uprave i digitalne transformacije.<\/div>\n","protected":false},"excerpt":{"rendered":"<p>Utorak 24.velja\u010de 2026. odr\u017ean je godi\u0161nji partnerski sastanak s Ministarstvom pravosu\u0111a uprave i digitalne transformacije. Partnerske organizacije su iznosile kako vide svoj polo\u017eaj u zajednici, u samoj MRE\u017dI. Koji su najve\u0107i izazovi u zadr\u017eavanju stru\u010dnog kadra, organizacijski kapaciteti za ulazak &hellip; <a href=\"http:\/\/delfin-pakrac.com\/press\/?p=4338\">Nastavi \u010ditati <span class=\"meta-nav\">&rarr;<\/span><\/a><\/p>\n","protected":false},"author":1,"featured_media":0,"comment_status":"closed","ping_status":"open","sticky":false,"template":"","format":"standard","meta":{"footnotes":""},"categories":[1],"tags":[],"class_list":["post-4338","post","type-post","status-publish","format-standard","hentry","category-uncategorized"],"_links":{"self":[{"href":"http:\/\/delfin-pakrac.com\/press\/index.php?rest_route=\/wp\/v2\/posts\/4338","targetHints":{"allow":["GET"]}}],"collection":[{"href":"http:\/\/delfin-pakrac.com\/press\/index.php?rest_route=\/wp\/v2\/posts"}],"about":[{"href":"http:\/\/delfin-pakrac.com\/press\/index.php?rest_route=\/wp\/v2\/types\/post"}],"author":[{"embeddable":true,"href":"http:\/\/delfin-pakrac.com\/press\/index.php?rest_route=\/wp\/v2\/users\/1"}],"replies":[{"embeddable":true,"href":"http:\/\/delfin-pakrac.com\/press\/index.php?rest_route=%2Fwp%2Fv2%2Fcomments&post=4338"}],"version-history":[{"count":1,"href":"http:\/\/delfin-pakrac.com\/press\/index.php?rest_route=\/wp\/v2\/posts\/4338\/revisions"}],"predecessor-version":[{"id":4340,"href":"http:\/\/delfin-pakrac.com\/press\/index.php?rest_route=\/wp\/v2\/posts\/4338\/revisions\/4340"}],"wp:attachment":[{"href":"http:\/\/delfin-pakrac.com\/press\/index.php?rest_route=%2Fwp%2Fv2%2Fmedia&parent=4338"}],"wp:term":[{"taxonomy":"category","embeddable":true,"href":"http:\/\/delfin-pakrac.com\/press\/index.php?rest_route=%2Fwp%2Fv2%2Fcategories&post=4338"},{"taxonomy":"post_tag","embeddable":true,"href":"http:\/\/delfin-pakrac.com\/press\/index.php?rest_route=%2Fwp%2Fv2%2Ftags&post=4338"}],"curies":[{"name":"wp","href":"https:\/\/api.w.org\/{rel}","templated":true}]}}