{"id":4335,"date":"2026-02-23T13:58:35","date_gmt":"2026-02-23T12:58:35","guid":{"rendered":"https:\/\/delfin-pakrac.com\/press\/?p=4335"},"modified":"2026-02-23T13:58:35","modified_gmt":"2026-02-23T12:58:35","slug":"mreza-podrske-i-suradnje-za-zrtve-i-svjedoke-kaznenih-djela-13","status":"publish","type":"post","link":"http:\/\/delfin-pakrac.com\/press\/?p=4335","title":{"rendered":"MRE\u017dA PODR\u0160KE I SURADNJE ZA \u017dRTVE I SVJEDOKE KAZNENIH DJELA"},"content":{"rendered":"<p>Ponedjeljak 23.velja\u010de 2026. odr\u017ean je intervizijski sastanak u sklopu programa Mre\u017ea podr\u0161ke i suradnje za \u017ertve i svjedoke kaznenih djela&#8221;. Na sastanku smo razmjenjivali iskustva o slu\u010dajevima, problemima i izazovima s kojima se svaka pojedina organizacija susre\u0107e.<a href=\"https:\/\/delfin-pakrac.com\/press\/?attachment_id=4336\" rel=\"attachment wp-att-4336\"><img loading=\"lazy\" decoding=\"async\" class=\"aligncenter size-medium wp-image-4336\" src=\"http:\/\/delfin-pakrac.com\/press\/wp-content\/uploads\/2026\/02\/Snimka-zaslona-2026-02-23-100205-1-300x134.png\" alt=\"\" width=\"300\" height=\"134\" srcset=\"http:\/\/delfin-pakrac.com\/press\/wp-content\/uploads\/2026\/02\/Snimka-zaslona-2026-02-23-100205-1-300x134.png 300w, http:\/\/delfin-pakrac.com\/press\/wp-content\/uploads\/2026\/02\/Snimka-zaslona-2026-02-23-100205-1-1024x457.png 1024w, http:\/\/delfin-pakrac.com\/press\/wp-content\/uploads\/2026\/02\/Snimka-zaslona-2026-02-23-100205-1-768x343.png 768w, http:\/\/delfin-pakrac.com\/press\/wp-content\/uploads\/2026\/02\/Snimka-zaslona-2026-02-23-100205-1-1536x685.png 1536w, http:\/\/delfin-pakrac.com\/press\/wp-content\/uploads\/2026\/02\/Snimka-zaslona-2026-02-23-100205-1-500x223.png 500w, http:\/\/delfin-pakrac.com\/press\/wp-content\/uploads\/2026\/02\/Snimka-zaslona-2026-02-23-100205-1.png 1861w\" sizes=\"auto, (max-width: 300px) 100vw, 300px\" \/><\/a><\/p>\n<p>Program provode \u017denska soba kao koordinatorica te Udruga za podr\u0161ku \u017ertvama i svjedocima; Centar za gra\u0111anske inicijative Pore\u010d; Delfin Zamir; Desa Dubrovnik; HERA Kri\u017eevci\u2013 za za\u0161titu i promicanje ljudskih prava; Informativno pravni centar \u2013 IPC; \u017denska grupa Karlovac KORAK; SOS Virovitica; SOS telefon za \u017eene \u017ertve nasilja Krapinsko \u2013 zagorske \u017eupanije, Zagorje; Udruga ZvoniMir, SOS Rijeka \u2013 Centar za nenasilje i ljudska prava.<\/p>\n<div dir=\"auto\">Program \u201eMre\u017ea podr\u0161ke i suradnje za \u017ertve i svjedoke kaznenih djela\u201c financira Ministarstvo pravosu\u0111a, uprave i digitalne transformacije RH.<\/div>\n<div dir=\"auto\">Vi\u0161e o Programu i kojoj organizaciji civilnog dru\u0161tva iz \u201cMre\u017ee podr\u0161ke\u201d se u kojoj \u017eupaniji mo\u017eete obratiti za pomo\u0107 i podr\u0161ku ukoliko ste \u017ertva ili svjedok\/inja kaznenog djela ili prekr\u0161aja nasilja u obitelji, saznajte na web stranici Programa\u00a0<span class=\"html-span xdj266r x14z9mp xat24cr x1lziwak xexx8yu xyri2b x18d9i69 x1c1uobl x1hl2dhg x16tdsg8 x1vvkbs\"><a class=\"x1i10hfl xjbqb8w x1ejq31n x18oe1m7 x1sy0etr xstzfhl x972fbf x10w94by x1qhh985 x14e42zd x9f619 x1ypdohk xt0psk2 x3ct3a4 xdj266r x14z9mp xat24cr x1lziwak xexx8yu xyri2b x18d9i69 x1c1uobl x16tdsg8 x1hl2dhg xggy1nq x1a2a7pz xkrqix3 x1sur9pj x1fey0fg x1s688f\" tabindex=\"0\" role=\"link\" href=\"http:\/\/www.mrezapodrskeisuradnje.com\/\" target=\"_blank\" rel=\"nofollow noopener noreferrer\">www.mrezapodrskeisuradnje.com.<\/a><\/span><\/div>\n<div dir=\"auto\">Sadr\u017eaj ove objave u isklju\u010divoj je odgovornosti korisnika i ni na koji na\u010din ne odra\u017eava gledi\u0161te Ministarstva pravosu\u0111a, uprave i digitalne transformacije.<\/div>\n<p>&nbsp;<\/p>\n","protected":false},"excerpt":{"rendered":"<p>Ponedjeljak 23.velja\u010de 2026. odr\u017ean je intervizijski sastanak u sklopu programa Mre\u017ea podr\u0161ke i suradnje za \u017ertve i svjedoke kaznenih djela&#8221;. Na sastanku smo razmjenjivali iskustva o slu\u010dajevima, problemima i izazovima s kojima se svaka pojedina organizacija susre\u0107e. Program provode \u017denska &hellip; <a href=\"http:\/\/delfin-pakrac.com\/press\/?p=4335\">Nastavi \u010ditati <span class=\"meta-nav\">&rarr;<\/span><\/a><\/p>\n","protected":false},"author":1,"featured_media":0,"comment_status":"closed","ping_status":"open","sticky":false,"template":"","format":"standard","meta":{"footnotes":""},"categories":[1],"tags":[],"class_list":["post-4335","post","type-post","status-publish","format-standard","hentry","category-uncategorized"],"_links":{"self":[{"href":"http:\/\/delfin-pakrac.com\/press\/index.php?rest_route=\/wp\/v2\/posts\/4335","targetHints":{"allow":["GET"]}}],"collection":[{"href":"http:\/\/delfin-pakrac.com\/press\/index.php?rest_route=\/wp\/v2\/posts"}],"about":[{"href":"http:\/\/delfin-pakrac.com\/press\/index.php?rest_route=\/wp\/v2\/types\/post"}],"author":[{"embeddable":true,"href":"http:\/\/delfin-pakrac.com\/press\/index.php?rest_route=\/wp\/v2\/users\/1"}],"replies":[{"embeddable":true,"href":"http:\/\/delfin-pakrac.com\/press\/index.php?rest_route=%2Fwp%2Fv2%2Fcomments&post=4335"}],"version-history":[{"count":1,"href":"http:\/\/delfin-pakrac.com\/press\/index.php?rest_route=\/wp\/v2\/posts\/4335\/revisions"}],"predecessor-version":[{"id":4337,"href":"http:\/\/delfin-pakrac.com\/press\/index.php?rest_route=\/wp\/v2\/posts\/4335\/revisions\/4337"}],"wp:attachment":[{"href":"http:\/\/delfin-pakrac.com\/press\/index.php?rest_route=%2Fwp%2Fv2%2Fmedia&parent=4335"}],"wp:term":[{"taxonomy":"category","embeddable":true,"href":"http:\/\/delfin-pakrac.com\/press\/index.php?rest_route=%2Fwp%2Fv2%2Fcategories&post=4335"},{"taxonomy":"post_tag","embeddable":true,"href":"http:\/\/delfin-pakrac.com\/press\/index.php?rest_route=%2Fwp%2Fv2%2Ftags&post=4335"}],"curies":[{"name":"wp","href":"https:\/\/api.w.org\/{rel}","templated":true}]}}