{"id":4320,"date":"2026-02-20T11:25:01","date_gmt":"2026-02-20T10:25:01","guid":{"rendered":"https:\/\/delfin-pakrac.com\/press\/?p=4320"},"modified":"2026-02-20T11:25:01","modified_gmt":"2026-02-20T10:25:01","slug":"pruzimo-podrsku-zrtvama-kaznenih-djela","status":"publish","type":"post","link":"http:\/\/delfin-pakrac.com\/press\/?p=4320","title":{"rendered":"PRU\u017dIMO PODR\u0160KU \u017dRTVAMA KAZNENIH DJELA"},"content":{"rendered":"<p>U \u010detvrtak 19. velja\u010de 2026. OCD DELFIN je odr\u017eao Javnu akciju na prostoru Gradske\u00a0 tr\u017enice u Pakracu povodom 22. velja\u010de 2026. Europskog dana \u017ertava kaznenih djela- dan kojim se podsje\u0107a na va\u017enost za\u0161tite prava, dostojanstvo i sigurnost osoba koje su pro\u017eivjele bilo koje kazneno djelo. Europski dan \u017ertava nagla\u0161ava potrebu za sustavnom, dostupnom i pravovremenom podr\u0161kom \u017ertvama svih kaznenih djela \u2013 bez obzira na vrstu kaznenog djela, spol ili druge osobne okolnosti. Iskustvo viktimizacije \u010desto sa sobom nosi emocionalne, psiholo\u0161ke, socijalne i pravne posljedice, a adekvatna podr\u0161ka mo\u017ee biti klju\u010dna u procesu oporavka i ostvarivanja prava.<\/p>\n<p><a href=\"https:\/\/delfin-pakrac.com\/press\/?attachment_id=4324\" rel=\"attachment wp-att-4324\"><img loading=\"lazy\" decoding=\"async\" class=\"aligncenter size-medium wp-image-4324\" src=\"http:\/\/delfin-pakrac.com\/press\/wp-content\/uploads\/2026\/02\/1000186406-225x300.jpg\" alt=\"\" width=\"225\" height=\"300\" srcset=\"http:\/\/delfin-pakrac.com\/press\/wp-content\/uploads\/2026\/02\/1000186406-225x300.jpg 225w, http:\/\/delfin-pakrac.com\/press\/wp-content\/uploads\/2026\/02\/1000186406-scaled.jpg 1920w\" sizes=\"auto, (max-width: 225px) 100vw, 225px\" \/><\/a><a href=\"https:\/\/delfin-pakrac.com\/press\/?attachment_id=4323\" rel=\"attachment wp-att-4323\"><img loading=\"lazy\" decoding=\"async\" class=\"aligncenter size-medium wp-image-4323\" src=\"http:\/\/delfin-pakrac.com\/press\/wp-content\/uploads\/2026\/02\/1000186411-225x300.jpg\" alt=\"\" width=\"225\" height=\"300\" srcset=\"http:\/\/delfin-pakrac.com\/press\/wp-content\/uploads\/2026\/02\/1000186411-225x300.jpg 225w, http:\/\/delfin-pakrac.com\/press\/wp-content\/uploads\/2026\/02\/1000186411-scaled.jpg 1920w\" sizes=\"auto, (max-width: 225px) 100vw, 225px\" \/><\/a><a href=\"https:\/\/delfin-pakrac.com\/press\/?attachment_id=4322\" rel=\"attachment wp-att-4322\"><img loading=\"lazy\" decoding=\"async\" class=\"aligncenter size-medium wp-image-4322\" src=\"http:\/\/delfin-pakrac.com\/press\/wp-content\/uploads\/2026\/02\/1000186405-225x300.jpg\" alt=\"\" width=\"225\" height=\"300\" srcset=\"http:\/\/delfin-pakrac.com\/press\/wp-content\/uploads\/2026\/02\/1000186405-225x300.jpg 225w, http:\/\/delfin-pakrac.com\/press\/wp-content\/uploads\/2026\/02\/1000186405-scaled.jpg 1920w\" sizes=\"auto, (max-width: 225px) 100vw, 225px\" \/><\/a><a href=\"https:\/\/delfin-pakrac.com\/press\/?attachment_id=4321\" rel=\"attachment wp-att-4321\"><img loading=\"lazy\" decoding=\"async\" class=\"aligncenter size-medium wp-image-4321\" src=\"http:\/\/delfin-pakrac.com\/press\/wp-content\/uploads\/2026\/02\/1000186409-225x300.jpg\" alt=\"\" width=\"225\" height=\"300\" srcset=\"http:\/\/delfin-pakrac.com\/press\/wp-content\/uploads\/2026\/02\/1000186409-225x300.jpg 225w, http:\/\/delfin-pakrac.com\/press\/wp-content\/uploads\/2026\/02\/1000186409-scaled.jpg 1920w\" sizes=\"auto, (max-width: 225px) 100vw, 225px\" \/><\/a><\/p>\n<p>Kasnije smo zajedno sa Udrugom Hera Kri\u017eevci sudjelovale na Javnoj akciji koja je odr\u017eana na prostoru Gradske tr\u017enice u Bjelovaru. \u017drtvom ili svjedokom\/injom kaznenog djela mo\u017ee postati svatko od nas. zato je va\u017eno osigurati jasne informacije o pravima, te dostupnu, besplatnu i povjerljivu pomo\u0107. Akcija je dio aktivnosti programa Mre\u017ea podr\u0161ke i suradnje za \u017ertve i svjedoke kaznenih djela. Tijekom javne akcije podijeljeni su edukativni info materijali programa sa podacima organizacija kojima se \u017ertve mogu obratiti za pomo\u0107 i podr\u0161ku.<\/p>\n<div dir=\"auto\">Javnu akciju medijski je popratio i Radio Alfa.<\/div>\n<div dir=\"auto\"><a href=\"https:\/\/delfin-pakrac.com\/press\/?attachment_id=4327\" rel=\"attachment wp-att-4327\"><img loading=\"lazy\" decoding=\"async\" class=\"aligncenter size-medium wp-image-4327\" src=\"http:\/\/delfin-pakrac.com\/press\/wp-content\/uploads\/2026\/02\/1000186441-225x300.jpg\" alt=\"\" width=\"225\" height=\"300\" srcset=\"http:\/\/delfin-pakrac.com\/press\/wp-content\/uploads\/2026\/02\/1000186441-225x300.jpg 225w, http:\/\/delfin-pakrac.com\/press\/wp-content\/uploads\/2026\/02\/1000186441-768x1024.jpg 768w, http:\/\/delfin-pakrac.com\/press\/wp-content\/uploads\/2026\/02\/1000186441-1152x1536.jpg 1152w, http:\/\/delfin-pakrac.com\/press\/wp-content\/uploads\/2026\/02\/1000186441.jpg 1200w\" sizes=\"auto, (max-width: 225px) 100vw, 225px\" \/><\/a><a href=\"https:\/\/delfin-pakrac.com\/press\/?attachment_id=4326\" rel=\"attachment wp-att-4326\"><img loading=\"lazy\" decoding=\"async\" class=\"aligncenter size-medium wp-image-4326\" src=\"http:\/\/delfin-pakrac.com\/press\/wp-content\/uploads\/2026\/02\/1000186453-300x225.jpg\" alt=\"\" width=\"300\" height=\"225\" srcset=\"http:\/\/delfin-pakrac.com\/press\/wp-content\/uploads\/2026\/02\/1000186453-300x225.jpg 300w, http:\/\/delfin-pakrac.com\/press\/wp-content\/uploads\/2026\/02\/1000186453-1024x768.jpg 1024w, http:\/\/delfin-pakrac.com\/press\/wp-content\/uploads\/2026\/02\/1000186453-768x576.jpg 768w, http:\/\/delfin-pakrac.com\/press\/wp-content\/uploads\/2026\/02\/1000186453-1536x1152.jpg 1536w, http:\/\/delfin-pakrac.com\/press\/wp-content\/uploads\/2026\/02\/1000186453-400x300.jpg 400w, http:\/\/delfin-pakrac.com\/press\/wp-content\/uploads\/2026\/02\/1000186453.jpg 1600w\" sizes=\"auto, (max-width: 300px) 100vw, 300px\" \/><\/a><a href=\"https:\/\/delfin-pakrac.com\/press\/?attachment_id=4325\" rel=\"attachment wp-att-4325\"><img loading=\"lazy\" decoding=\"async\" class=\"aligncenter size-medium wp-image-4325\" src=\"http:\/\/delfin-pakrac.com\/press\/wp-content\/uploads\/2026\/02\/1000186438-225x300.jpg\" alt=\"\" width=\"225\" height=\"300\" srcset=\"http:\/\/delfin-pakrac.com\/press\/wp-content\/uploads\/2026\/02\/1000186438-225x300.jpg 225w, http:\/\/delfin-pakrac.com\/press\/wp-content\/uploads\/2026\/02\/1000186438-scaled.jpg 1920w\" sizes=\"auto, (max-width: 225px) 100vw, 225px\" \/><\/a><\/div>\n","protected":false},"excerpt":{"rendered":"<p>U \u010detvrtak 19. velja\u010de 2026. OCD DELFIN je odr\u017eao Javnu akciju na prostoru Gradske\u00a0 tr\u017enice u Pakracu povodom 22. velja\u010de 2026. Europskog dana \u017ertava kaznenih djela- dan kojim se podsje\u0107a na va\u017enost za\u0161tite prava, dostojanstvo i sigurnost osoba koje su &hellip; <a href=\"http:\/\/delfin-pakrac.com\/press\/?p=4320\">Nastavi \u010ditati <span class=\"meta-nav\">&rarr;<\/span><\/a><\/p>\n","protected":false},"author":1,"featured_media":0,"comment_status":"closed","ping_status":"open","sticky":false,"template":"","format":"standard","meta":{"footnotes":""},"categories":[1],"tags":[],"class_list":["post-4320","post","type-post","status-publish","format-standard","hentry","category-uncategorized"],"_links":{"self":[{"href":"http:\/\/delfin-pakrac.com\/press\/index.php?rest_route=\/wp\/v2\/posts\/4320","targetHints":{"allow":["GET"]}}],"collection":[{"href":"http:\/\/delfin-pakrac.com\/press\/index.php?rest_route=\/wp\/v2\/posts"}],"about":[{"href":"http:\/\/delfin-pakrac.com\/press\/index.php?rest_route=\/wp\/v2\/types\/post"}],"author":[{"embeddable":true,"href":"http:\/\/delfin-pakrac.com\/press\/index.php?rest_route=\/wp\/v2\/users\/1"}],"replies":[{"embeddable":true,"href":"http:\/\/delfin-pakrac.com\/press\/index.php?rest_route=%2Fwp%2Fv2%2Fcomments&post=4320"}],"version-history":[{"count":1,"href":"http:\/\/delfin-pakrac.com\/press\/index.php?rest_route=\/wp\/v2\/posts\/4320\/revisions"}],"predecessor-version":[{"id":4328,"href":"http:\/\/delfin-pakrac.com\/press\/index.php?rest_route=\/wp\/v2\/posts\/4320\/revisions\/4328"}],"wp:attachment":[{"href":"http:\/\/delfin-pakrac.com\/press\/index.php?rest_route=%2Fwp%2Fv2%2Fmedia&parent=4320"}],"wp:term":[{"taxonomy":"category","embeddable":true,"href":"http:\/\/delfin-pakrac.com\/press\/index.php?rest_route=%2Fwp%2Fv2%2Fcategories&post=4320"},{"taxonomy":"post_tag","embeddable":true,"href":"http:\/\/delfin-pakrac.com\/press\/index.php?rest_route=%2Fwp%2Fv2%2Ftags&post=4320"}],"curies":[{"name":"wp","href":"https:\/\/api.w.org\/{rel}","templated":true}]}}