{"id":4298,"date":"2026-02-16T13:44:26","date_gmt":"2026-02-16T12:44:26","guid":{"rendered":"https:\/\/delfin-pakrac.com\/press\/?p=4298"},"modified":"2026-02-16T13:44:26","modified_gmt":"2026-02-16T12:44:26","slug":"europski-dan-zrtava-kaznenih-djela-22-02-2026","status":"publish","type":"post","link":"http:\/\/delfin-pakrac.com\/press\/?p=4298","title":{"rendered":"Europski dan \u017ertava kaznenih djela 22.02.2026"},"content":{"rendered":"<p><strong>PRIOP\u0106ENJE ZA MEDIJE<\/strong><\/p>\n<p><strong>Europski dan \u017ertava kaznenih djela \u2013 22. velja\u010de 2026.<\/strong><\/p>\n<p><strong>Pru\u017eimo podr\u0161ku \u017ertvama kaznenih djela<\/strong><\/p>\n<p>U nedjelju, 22. velja\u010de 2026., obilje\u017eava se Europski dan \u017ertava kaznenih djela \u2013 dan kojim se podsje\u0107a na va\u017enost za\u0161tite prava, dostojanstva i sigurnosti osoba koje su pre\u017eivjele bilo koje kazneno djelo.<\/p>\n<p>Ovaj dan nagla\u0161ava potrebu za sustavnom, dostupnom i pravovremenom podr\u0161kom \u017ertvama svih kaznenih djela \u2013 bez obzira na vrstu kaznenog djela, spol ili druge osobne okolnosti. Iskustvo viktimizacije \u010desto sa sobom nosi emocionalne, psiholo\u0161ke, socijalne i pravne posljedice, a adekvatna podr\u0161ka mo\u017ee biti klju\u010dna u procesu oporavka i ostvarivanja prava.<\/p>\n<p>\u017drtvom ili svjedokom i svjedokinjom kaznenog djela mo\u017ee postati svatko od nas. No, za takvo iskustvo nitko nije uistinu pripremljen. Upravo zato va\u017eno je osigurati jasne informacije o pravima te dostupnu, besplatnu i povjerljivu pomo\u0107.<\/p>\n<p>U Hrvatskoj djeluje <strong>Mre\u017ea podr\u0161ke i suradnje za \u017ertve i svjedoke kaznenih djela<\/strong>, koja pru\u017ea pomo\u0107 i podr\u0161ku \u017ertvama i svjedocima\/kinjama svih kaznenih djela na podru\u010dju 18 \u017eupanija. Va\u017eno je napomenuti da su <strong>od sije\u010dnja 2026. usluge za \u017ertve svih kaznenih djela dostupne i na podru\u010dju Primorsko-goranske \u017eupanije.<\/strong><\/p>\n<p>U okviru Mre\u017ee dostupne su sljede\u0107e usluge:<\/p>\n<ul>\n<li>emocionalna i prakti\u010dna podr\u0161ka<\/li>\n<li>tehni\u010dke i prakti\u010dne informacije te informacije o pravima<\/li>\n<li>usluge pravnog i psiholo\u0161kog savjetovanja<\/li>\n<li>pratnja na sud u ulozi osobe od povjerenja<\/li>\n<li>pratnja na policiju, dr\u017eavno odvjetni\u0161tvo i\/ili zavode za socijalni rad<\/li>\n<li>podr\u0161ka neovisno o tome je li kazneno djelo prijavljeno<\/li>\n<li>podr\u0161ka i nakon zavr\u0161etka sudskog postupka<\/li>\n<\/ul>\n<p>Sve usluge u potpunosti su besplatne za osobe koje se obrate za pomo\u0107 i podr\u0161ku.<\/p>\n<p>U osam godina djelovanja, u okviru Mre\u017ee podr\u0161ke i suradnje pru\u017eeno je vi\u0161e od <strong>61.780 usluga<\/strong> za <strong>6.589 korisnica i korisnika<\/strong> koji su se obratili za pomo\u0107 i podr\u0161ku, \u0161to potvr\u0111uje koliko je ovakav oblik podr\u0161ke potreban u zajednici.<\/p>\n<p>Informacije o dostupnim uslugama te kontakt-podaci organizacija u pojedinim \u017eupanijama dostupni su na mre\u017enoj stranici: <a href=\"http:\/\/www.mrezapodrskeisuradnje.com\"><strong>www.mrezapodrskeisuradnje.com<\/strong><\/a><\/p>\n<p>Program je financijski podr\u017ean od strane Ministarstva pravosu\u0111a, uprave i digitalne transformacije Republike Hrvatske, a provodi ga \u017denska soba u partnerstvu s 11 organizacija civilnoga dru\u0161tva.<\/p>\n<p><strong>Ukoliko ste \u017ertva ili svjedok\/inja kaznenog djela \u2013 obratite nam se s povjerenjem.<\/strong><\/p>\n<p>Centar za podr\u0161ku i razvoj civilnog dru\u0161tva <strong>\u201eDELFIN\u201c Pakrac<\/strong> u 2025.godini pru\u017eio je razli\u010dite usluge:<\/p>\n<ul>\n<li>emocionalna i prakti\u010dna podr\u0161ka &#8211;<strong>232<\/strong><\/li>\n<li>tehni\u010dke i prakti\u010dne informacije te informacije o pravima- <strong>122<\/strong><\/li>\n<li>usluge pravnog i psiholo\u0161kog savjetovanja- <strong>50<\/strong> (pravno) i <strong>19 <\/strong>(psiholo\u0161ko)<\/li>\n<li>pratnja na sud u ulozi osobe od povjerenja- <strong>57<\/strong><\/li>\n<li>pratnja na policiju, dr\u017eavno odvjetni\u0161tvo i\/ili zavode za socijalni rad- <strong>6<\/strong><\/li>\n<li>podr\u0161ka neovisno o tome je li kazneno djelo prijavljeno- <strong>11<\/strong><\/li>\n<li>podr\u0161ka i nakon zavr\u0161etka sudskog postupka- <strong>13<\/strong><\/li>\n<\/ul>\n","protected":false},"excerpt":{"rendered":"<p>PRIOP\u0106ENJE ZA MEDIJE Europski dan \u017ertava kaznenih djela \u2013 22. velja\u010de 2026. Pru\u017eimo podr\u0161ku \u017ertvama kaznenih djela U nedjelju, 22. velja\u010de 2026., obilje\u017eava se Europski dan \u017ertava kaznenih djela \u2013 dan kojim se podsje\u0107a na va\u017enost za\u0161tite prava, dostojanstva i &hellip; <a href=\"http:\/\/delfin-pakrac.com\/press\/?p=4298\">Nastavi \u010ditati <span class=\"meta-nav\">&rarr;<\/span><\/a><\/p>\n","protected":false},"author":1,"featured_media":0,"comment_status":"closed","ping_status":"open","sticky":false,"template":"","format":"standard","meta":{"footnotes":""},"categories":[1],"tags":[],"class_list":["post-4298","post","type-post","status-publish","format-standard","hentry","category-uncategorized"],"_links":{"self":[{"href":"http:\/\/delfin-pakrac.com\/press\/index.php?rest_route=\/wp\/v2\/posts\/4298","targetHints":{"allow":["GET"]}}],"collection":[{"href":"http:\/\/delfin-pakrac.com\/press\/index.php?rest_route=\/wp\/v2\/posts"}],"about":[{"href":"http:\/\/delfin-pakrac.com\/press\/index.php?rest_route=\/wp\/v2\/types\/post"}],"author":[{"embeddable":true,"href":"http:\/\/delfin-pakrac.com\/press\/index.php?rest_route=\/wp\/v2\/users\/1"}],"replies":[{"embeddable":true,"href":"http:\/\/delfin-pakrac.com\/press\/index.php?rest_route=%2Fwp%2Fv2%2Fcomments&post=4298"}],"version-history":[{"count":1,"href":"http:\/\/delfin-pakrac.com\/press\/index.php?rest_route=\/wp\/v2\/posts\/4298\/revisions"}],"predecessor-version":[{"id":4302,"href":"http:\/\/delfin-pakrac.com\/press\/index.php?rest_route=\/wp\/v2\/posts\/4298\/revisions\/4302"}],"wp:attachment":[{"href":"http:\/\/delfin-pakrac.com\/press\/index.php?rest_route=%2Fwp%2Fv2%2Fmedia&parent=4298"}],"wp:term":[{"taxonomy":"category","embeddable":true,"href":"http:\/\/delfin-pakrac.com\/press\/index.php?rest_route=%2Fwp%2Fv2%2Fcategories&post=4298"},{"taxonomy":"post_tag","embeddable":true,"href":"http:\/\/delfin-pakrac.com\/press\/index.php?rest_route=%2Fwp%2Fv2%2Ftags&post=4298"}],"curies":[{"name":"wp","href":"https:\/\/api.w.org\/{rel}","templated":true}]}}