{"id":4286,"date":"2026-02-12T09:29:50","date_gmt":"2026-02-12T08:29:50","guid":{"rendered":"https:\/\/delfin-pakrac.com\/press\/?p=4286"},"modified":"2026-02-12T09:29:50","modified_gmt":"2026-02-12T08:29:50","slug":"saveznici-a-ne-promatraci-kako-mladi-mogu-podrzati-osi-i-reagirati-na-nasilje","status":"publish","type":"post","link":"http:\/\/delfin-pakrac.com\/press\/?p=4286","title":{"rendered":"&#8220;Saveznici, a ne promatra\u010di- Kako mladi mogu podr\u017eati OSI i reagirati na nasilje&#8221;"},"content":{"rendered":"<p>10.02.2026. odr\u017eana je radionica \u201cSaveznici a ne promatra\u010di-Kako mladi mogu podr\u017eati OSI i reagirati na nasilje&#8221; u programu \u201cKROZ SURADNJU DO KVALITETNOG PRU\u017dANJA USLUGA\u201d financirana sredstvima Ministarstva rada, mirovinskog sustava, obitelji i socijalne politike. Stanko Kova\u010di\u0107, predsjednik Udruge slijepih Pakrac-Lipik kratko se obratio i predstavio udrugu. Radionica je odr\u017eana u Srednjoj \u0161koli Pakrac. Voditeljica radionice je Mirsada Mad\u017earevi\u0107 vide\u0107a pratiteljica i voditeljica projekata. Sudionici\/ce su u\u010denici tre\u0107eg razreda medicinskog smjera. Razgovaralo se s kojim problemima se OSI susre\u0107u u svakodnevnom \u017eivotu i kako im se mo\u017ee pomo\u0107i. Radilo se u grupama. Radionica\u00a0 je bila uspje\u0161na i u\u010denici su bili vrlo zadovoljni.<img loading=\"lazy\" decoding=\"async\" class=\"aligncenter size-medium wp-image-4287\" src=\"http:\/\/delfin-pakrac.com\/press\/wp-content\/uploads\/2026\/02\/1000181671-225x300.jpg\" alt=\"\" width=\"225\" height=\"300\" srcset=\"http:\/\/delfin-pakrac.com\/press\/wp-content\/uploads\/2026\/02\/1000181671-225x300.jpg 225w, http:\/\/delfin-pakrac.com\/press\/wp-content\/uploads\/2026\/02\/1000181671-scaled.jpg 1920w\" sizes=\"auto, (max-width: 225px) 100vw, 225px\" \/><img loading=\"lazy\" decoding=\"async\" class=\"aligncenter size-medium wp-image-4288\" src=\"http:\/\/delfin-pakrac.com\/press\/wp-content\/uploads\/2026\/02\/1000181672-225x300.jpg\" alt=\"\" width=\"225\" height=\"300\" srcset=\"http:\/\/delfin-pakrac.com\/press\/wp-content\/uploads\/2026\/02\/1000181672-225x300.jpg 225w, http:\/\/delfin-pakrac.com\/press\/wp-content\/uploads\/2026\/02\/1000181672-scaled.jpg 1920w\" sizes=\"auto, (max-width: 225px) 100vw, 225px\" \/><img loading=\"lazy\" decoding=\"async\" class=\"aligncenter size-medium wp-image-4289\" src=\"http:\/\/delfin-pakrac.com\/press\/wp-content\/uploads\/2026\/02\/1000181682-225x300.jpg\" alt=\"\" width=\"225\" height=\"300\" srcset=\"http:\/\/delfin-pakrac.com\/press\/wp-content\/uploads\/2026\/02\/1000181682-225x300.jpg 225w, http:\/\/delfin-pakrac.com\/press\/wp-content\/uploads\/2026\/02\/1000181682-scaled.jpg 1920w\" sizes=\"auto, (max-width: 225px) 100vw, 225px\" \/><img loading=\"lazy\" decoding=\"async\" class=\"aligncenter size-medium wp-image-4290\" src=\"http:\/\/delfin-pakrac.com\/press\/wp-content\/uploads\/2026\/02\/1000181680-225x300.jpg\" alt=\"\" width=\"225\" height=\"300\" srcset=\"http:\/\/delfin-pakrac.com\/press\/wp-content\/uploads\/2026\/02\/1000181680-225x300.jpg 225w, http:\/\/delfin-pakrac.com\/press\/wp-content\/uploads\/2026\/02\/1000181680-scaled.jpg 1920w\" sizes=\"auto, (max-width: 225px) 100vw, 225px\" \/><img loading=\"lazy\" decoding=\"async\" class=\"aligncenter size-medium wp-image-4291\" src=\"http:\/\/delfin-pakrac.com\/press\/wp-content\/uploads\/2026\/02\/1000181697-225x300.jpg\" alt=\"\" width=\"225\" height=\"300\" srcset=\"http:\/\/delfin-pakrac.com\/press\/wp-content\/uploads\/2026\/02\/1000181697-225x300.jpg 225w, http:\/\/delfin-pakrac.com\/press\/wp-content\/uploads\/2026\/02\/1000181697-scaled.jpg 1920w\" sizes=\"auto, (max-width: 225px) 100vw, 225px\" \/><\/p>\n","protected":false},"excerpt":{"rendered":"<p>10.02.2026. odr\u017eana je radionica \u201cSaveznici a ne promatra\u010di-Kako mladi mogu podr\u017eati OSI i reagirati na nasilje&#8221; u programu \u201cKROZ SURADNJU DO KVALITETNOG PRU\u017dANJA USLUGA\u201d financirana sredstvima Ministarstva rada, mirovinskog sustava, obitelji i socijalne politike. Stanko Kova\u010di\u0107, predsjednik Udruge slijepih Pakrac-Lipik &hellip; <a href=\"http:\/\/delfin-pakrac.com\/press\/?p=4286\">Nastavi \u010ditati <span class=\"meta-nav\">&rarr;<\/span><\/a><\/p>\n","protected":false},"author":1,"featured_media":0,"comment_status":"closed","ping_status":"open","sticky":false,"template":"","format":"standard","meta":{"footnotes":""},"categories":[1],"tags":[],"class_list":["post-4286","post","type-post","status-publish","format-standard","hentry","category-uncategorized"],"_links":{"self":[{"href":"http:\/\/delfin-pakrac.com\/press\/index.php?rest_route=\/wp\/v2\/posts\/4286","targetHints":{"allow":["GET"]}}],"collection":[{"href":"http:\/\/delfin-pakrac.com\/press\/index.php?rest_route=\/wp\/v2\/posts"}],"about":[{"href":"http:\/\/delfin-pakrac.com\/press\/index.php?rest_route=\/wp\/v2\/types\/post"}],"author":[{"embeddable":true,"href":"http:\/\/delfin-pakrac.com\/press\/index.php?rest_route=\/wp\/v2\/users\/1"}],"replies":[{"embeddable":true,"href":"http:\/\/delfin-pakrac.com\/press\/index.php?rest_route=%2Fwp%2Fv2%2Fcomments&post=4286"}],"version-history":[{"count":1,"href":"http:\/\/delfin-pakrac.com\/press\/index.php?rest_route=\/wp\/v2\/posts\/4286\/revisions"}],"predecessor-version":[{"id":4292,"href":"http:\/\/delfin-pakrac.com\/press\/index.php?rest_route=\/wp\/v2\/posts\/4286\/revisions\/4292"}],"wp:attachment":[{"href":"http:\/\/delfin-pakrac.com\/press\/index.php?rest_route=%2Fwp%2Fv2%2Fmedia&parent=4286"}],"wp:term":[{"taxonomy":"category","embeddable":true,"href":"http:\/\/delfin-pakrac.com\/press\/index.php?rest_route=%2Fwp%2Fv2%2Fcategories&post=4286"},{"taxonomy":"post_tag","embeddable":true,"href":"http:\/\/delfin-pakrac.com\/press\/index.php?rest_route=%2Fwp%2Fv2%2Ftags&post=4286"}],"curies":[{"name":"wp","href":"https:\/\/api.w.org\/{rel}","templated":true}]}}