{"id":4238,"date":"2026-01-09T13:30:38","date_gmt":"2026-01-09T12:30:38","guid":{"rendered":"https:\/\/delfin-pakrac.com\/press\/?p=4238"},"modified":"2026-01-09T13:34:05","modified_gmt":"2026-01-09T12:34:05","slug":"mreza-podrske-i-suradnje-za-zrtve-i-svjedoke-kaznenih-djela-12","status":"publish","type":"post","link":"http:\/\/delfin-pakrac.com\/press\/?p=4238","title":{"rendered":"Mre\u017ea podr\u0161ke i suradnje za \u017ertve i svjedoke kaznenih djela"},"content":{"rendered":"<p><img loading=\"lazy\" decoding=\"async\" class=\"aligncenter size-medium wp-image-4239\" src=\"http:\/\/delfin-pakrac.com\/press\/wp-content\/uploads\/2026\/01\/Snimka-zaslona-2026-01-09-104218-300x103.png\" alt=\"\" width=\"300\" height=\"103\" srcset=\"http:\/\/delfin-pakrac.com\/press\/wp-content\/uploads\/2026\/01\/Snimka-zaslona-2026-01-09-104218-300x103.png 300w, http:\/\/delfin-pakrac.com\/press\/wp-content\/uploads\/2026\/01\/Snimka-zaslona-2026-01-09-104218-1024x353.png 1024w, http:\/\/delfin-pakrac.com\/press\/wp-content\/uploads\/2026\/01\/Snimka-zaslona-2026-01-09-104218-768x265.png 768w, http:\/\/delfin-pakrac.com\/press\/wp-content\/uploads\/2026\/01\/Snimka-zaslona-2026-01-09-104218-1536x529.png 1536w, http:\/\/delfin-pakrac.com\/press\/wp-content\/uploads\/2026\/01\/Snimka-zaslona-2026-01-09-104218-500x172.png 500w, http:\/\/delfin-pakrac.com\/press\/wp-content\/uploads\/2026\/01\/Snimka-zaslona-2026-01-09-104218.png 1887w\" sizes=\"auto, (max-width: 300px) 100vw, 300px\" \/>09.01.2026. odr\u017ean je prvi partnerski sastanak u programu Mre\u017ee podr\u0161ke i suradnje za \u017ertve i svjedoke kaznenih djela. Po\u017eeljeli smo dobrodo\u0161licu novoj organizaciji sa podru\u010dja Primorsko-goranske \u017eupanije SOS Rijeci. Razgovaralo se o aktivnostima koje nam slijede u 2026.godini.<\/p>\n","protected":false},"excerpt":{"rendered":"<p>09.01.2026. odr\u017ean je prvi partnerski sastanak u programu Mre\u017ee podr\u0161ke i suradnje za \u017ertve i svjedoke kaznenih djela. Po\u017eeljeli smo dobrodo\u0161licu novoj organizaciji sa podru\u010dja Primorsko-goranske \u017eupanije SOS Rijeci. Razgovaralo se o aktivnostima koje nam slijede u 2026.godini.<\/p>\n","protected":false},"author":1,"featured_media":0,"comment_status":"closed","ping_status":"open","sticky":false,"template":"","format":"gallery","meta":{"footnotes":""},"categories":[1],"tags":[],"class_list":["post-4238","post","type-post","status-publish","format-gallery","hentry","category-uncategorized","post_format-post-format-gallery"],"_links":{"self":[{"href":"http:\/\/delfin-pakrac.com\/press\/index.php?rest_route=\/wp\/v2\/posts\/4238","targetHints":{"allow":["GET"]}}],"collection":[{"href":"http:\/\/delfin-pakrac.com\/press\/index.php?rest_route=\/wp\/v2\/posts"}],"about":[{"href":"http:\/\/delfin-pakrac.com\/press\/index.php?rest_route=\/wp\/v2\/types\/post"}],"author":[{"embeddable":true,"href":"http:\/\/delfin-pakrac.com\/press\/index.php?rest_route=\/wp\/v2\/users\/1"}],"replies":[{"embeddable":true,"href":"http:\/\/delfin-pakrac.com\/press\/index.php?rest_route=%2Fwp%2Fv2%2Fcomments&post=4238"}],"version-history":[{"count":3,"href":"http:\/\/delfin-pakrac.com\/press\/index.php?rest_route=\/wp\/v2\/posts\/4238\/revisions"}],"predecessor-version":[{"id":4245,"href":"http:\/\/delfin-pakrac.com\/press\/index.php?rest_route=\/wp\/v2\/posts\/4238\/revisions\/4245"}],"wp:attachment":[{"href":"http:\/\/delfin-pakrac.com\/press\/index.php?rest_route=%2Fwp%2Fv2%2Fmedia&parent=4238"}],"wp:term":[{"taxonomy":"category","embeddable":true,"href":"http:\/\/delfin-pakrac.com\/press\/index.php?rest_route=%2Fwp%2Fv2%2Fcategories&post=4238"},{"taxonomy":"post_tag","embeddable":true,"href":"http:\/\/delfin-pakrac.com\/press\/index.php?rest_route=%2Fwp%2Fv2%2Ftags&post=4238"}],"curies":[{"name":"wp","href":"https:\/\/api.w.org\/{rel}","templated":true}]}}