{"id":4235,"date":"2025-12-22T14:39:30","date_gmt":"2025-12-22T13:39:30","guid":{"rendered":"https:\/\/delfin-pakrac.com\/press\/?p=4235"},"modified":"2025-12-22T14:39:30","modified_gmt":"2025-12-22T13:39:30","slug":"sastanak-sa-nacionalnim-koordinatorom-za-suzbijanje-trgovanja-ljudima","status":"publish","type":"post","link":"http:\/\/delfin-pakrac.com\/press\/?p=4235","title":{"rendered":"Sastanak sa Nacionalnim koordinatorom za suzbijanje trgovanja ljudima"},"content":{"rendered":"<p>22.12.2025. godine s po\u010detkom u 13:00 h odr\u017eao se sastanak u okviru projekta &#8220;Podr\u0161ka \u017ertvama trgovanja ljudima \u2013 ja\u010danje suradnje nevladinih organizacija u borbi protiv trgovanja ljudima\u201c koji se provodi u partnerstvu sa Fondacijom &#8220;Lara&#8221; Bijeljina. Navedeni projekt financiran je sredstvima Ministarstva vanjskih i europskih poslova Republike Hrvatske.<\/p>\n<p>Na sastanku su, osim predstavnica partnerske organizacije nazo\u010dili i predstavnici institucija Bosne i Hercegovine &#8211; Ministarstvo bezbjednosti BiH, Odsjek za borbu protiv trgovine ljudima, Slu\u017eba za poslove sa strancima, Centar za socijalni rad Bijeljina i Gradska uprave Grada Bijeljina.<\/p>\n<p><img loading=\"lazy\" decoding=\"async\" src=\"http:\/\/delfin-pakrac.com\/press\/wp-content\/uploads\/2025\/12\/Snimka-zaslona-2025-12-22-132249-1024x681.png\" alt=\"\" width=\"584\" height=\"388\" class=\"aligncenter size-large wp-image-4236\" srcset=\"http:\/\/delfin-pakrac.com\/press\/wp-content\/uploads\/2025\/12\/Snimka-zaslona-2025-12-22-132249-1024x681.png 1024w, http:\/\/delfin-pakrac.com\/press\/wp-content\/uploads\/2025\/12\/Snimka-zaslona-2025-12-22-132249-300x200.png 300w, http:\/\/delfin-pakrac.com\/press\/wp-content\/uploads\/2025\/12\/Snimka-zaslona-2025-12-22-132249-768x511.png 768w, http:\/\/delfin-pakrac.com\/press\/wp-content\/uploads\/2025\/12\/Snimka-zaslona-2025-12-22-132249-451x300.png 451w, http:\/\/delfin-pakrac.com\/press\/wp-content\/uploads\/2025\/12\/Snimka-zaslona-2025-12-22-132249.png 1518w\" sizes=\"auto, (max-width: 584px) 100vw, 584px\" \/><\/p>\n","protected":false},"excerpt":{"rendered":"<p>22.12.2025. godine s po\u010detkom u 13:00 h odr\u017eao se sastanak u okviru projekta &#8220;Podr\u0161ka \u017ertvama trgovanja ljudima \u2013 ja\u010danje suradnje nevladinih organizacija u borbi protiv trgovanja ljudima\u201c koji se provodi u partnerstvu sa Fondacijom &#8220;Lara&#8221; Bijeljina. Navedeni projekt financiran je &hellip; <a href=\"http:\/\/delfin-pakrac.com\/press\/?p=4235\">Nastavi \u010ditati <span class=\"meta-nav\">&rarr;<\/span><\/a><\/p>\n","protected":false},"author":1,"featured_media":0,"comment_status":"closed","ping_status":"open","sticky":false,"template":"","format":"standard","meta":{"footnotes":""},"categories":[1],"tags":[],"class_list":["post-4235","post","type-post","status-publish","format-standard","hentry","category-uncategorized"],"_links":{"self":[{"href":"http:\/\/delfin-pakrac.com\/press\/index.php?rest_route=\/wp\/v2\/posts\/4235","targetHints":{"allow":["GET"]}}],"collection":[{"href":"http:\/\/delfin-pakrac.com\/press\/index.php?rest_route=\/wp\/v2\/posts"}],"about":[{"href":"http:\/\/delfin-pakrac.com\/press\/index.php?rest_route=\/wp\/v2\/types\/post"}],"author":[{"embeddable":true,"href":"http:\/\/delfin-pakrac.com\/press\/index.php?rest_route=\/wp\/v2\/users\/1"}],"replies":[{"embeddable":true,"href":"http:\/\/delfin-pakrac.com\/press\/index.php?rest_route=%2Fwp%2Fv2%2Fcomments&post=4235"}],"version-history":[{"count":1,"href":"http:\/\/delfin-pakrac.com\/press\/index.php?rest_route=\/wp\/v2\/posts\/4235\/revisions"}],"predecessor-version":[{"id":4237,"href":"http:\/\/delfin-pakrac.com\/press\/index.php?rest_route=\/wp\/v2\/posts\/4235\/revisions\/4237"}],"wp:attachment":[{"href":"http:\/\/delfin-pakrac.com\/press\/index.php?rest_route=%2Fwp%2Fv2%2Fmedia&parent=4235"}],"wp:term":[{"taxonomy":"category","embeddable":true,"href":"http:\/\/delfin-pakrac.com\/press\/index.php?rest_route=%2Fwp%2Fv2%2Fcategories&post=4235"},{"taxonomy":"post_tag","embeddable":true,"href":"http:\/\/delfin-pakrac.com\/press\/index.php?rest_route=%2Fwp%2Fv2%2Ftags&post=4235"}],"curies":[{"name":"wp","href":"https:\/\/api.w.org\/{rel}","templated":true}]}}