{"id":4213,"date":"2025-12-10T09:11:35","date_gmt":"2025-12-10T08:11:35","guid":{"rendered":"https:\/\/delfin-pakrac.com\/press\/?p=4213"},"modified":"2025-12-10T09:11:35","modified_gmt":"2025-12-10T08:11:35","slug":"mreza-podrske-i-suradnje-za-zrtve-i-svjedoke-kaznenih-djela-partnerski-sastanak-3","status":"publish","type":"post","link":"http:\/\/delfin-pakrac.com\/press\/?p=4213","title":{"rendered":"MRE\u017dA PODR\u0160KE I SURADNJE ZA \u017dRTVE I SVJEDOKE KAZNENIH DJELA &#8211; partnerski sastanak"},"content":{"rendered":"<p>09. prosinca 2025. godine odr\u017ean je posljednji mjese\u010dni partnerski sastanak u ovoj godini provedbe programa MRE\u017dE PODR\u0160KE I SURADNJE ZA \u017dRTVE I SVJEDOKE KAZNENIH DJELA. Godina je uspje\u0161no privedena kraju. Nastavljamo u 2026. kada nam se priklju\u010duje Primorsko-goranska \u017eupanija. <\/p>\n<p><img loading=\"lazy\" decoding=\"async\" src=\"http:\/\/delfin-pakrac.com\/press\/wp-content\/uploads\/2025\/12\/Snimka-zaslona-2025-12-09-100810-1024x537.png\" alt=\"\" width=\"584\" height=\"306\" class=\"aligncenter size-large wp-image-4214\" srcset=\"http:\/\/delfin-pakrac.com\/press\/wp-content\/uploads\/2025\/12\/Snimka-zaslona-2025-12-09-100810-1024x537.png 1024w, http:\/\/delfin-pakrac.com\/press\/wp-content\/uploads\/2025\/12\/Snimka-zaslona-2025-12-09-100810-300x157.png 300w, http:\/\/delfin-pakrac.com\/press\/wp-content\/uploads\/2025\/12\/Snimka-zaslona-2025-12-09-100810-768x403.png 768w, http:\/\/delfin-pakrac.com\/press\/wp-content\/uploads\/2025\/12\/Snimka-zaslona-2025-12-09-100810-1536x806.png 1536w, http:\/\/delfin-pakrac.com\/press\/wp-content\/uploads\/2025\/12\/Snimka-zaslona-2025-12-09-100810-500x262.png 500w, http:\/\/delfin-pakrac.com\/press\/wp-content\/uploads\/2025\/12\/Snimka-zaslona-2025-12-09-100810.png 1779w\" sizes=\"auto, (max-width: 584px) 100vw, 584px\" \/><\/p>\n","protected":false},"excerpt":{"rendered":"<p>09. prosinca 2025. godine odr\u017ean je posljednji mjese\u010dni partnerski sastanak u ovoj godini provedbe programa MRE\u017dE PODR\u0160KE I SURADNJE ZA \u017dRTVE I SVJEDOKE KAZNENIH DJELA. Godina je uspje\u0161no privedena kraju. Nastavljamo u 2026. kada nam se priklju\u010duje Primorsko-goranska \u017eupanija.<\/p>\n","protected":false},"author":1,"featured_media":0,"comment_status":"closed","ping_status":"open","sticky":false,"template":"","format":"standard","meta":{"footnotes":""},"categories":[1],"tags":[],"class_list":["post-4213","post","type-post","status-publish","format-standard","hentry","category-uncategorized"],"_links":{"self":[{"href":"http:\/\/delfin-pakrac.com\/press\/index.php?rest_route=\/wp\/v2\/posts\/4213","targetHints":{"allow":["GET"]}}],"collection":[{"href":"http:\/\/delfin-pakrac.com\/press\/index.php?rest_route=\/wp\/v2\/posts"}],"about":[{"href":"http:\/\/delfin-pakrac.com\/press\/index.php?rest_route=\/wp\/v2\/types\/post"}],"author":[{"embeddable":true,"href":"http:\/\/delfin-pakrac.com\/press\/index.php?rest_route=\/wp\/v2\/users\/1"}],"replies":[{"embeddable":true,"href":"http:\/\/delfin-pakrac.com\/press\/index.php?rest_route=%2Fwp%2Fv2%2Fcomments&post=4213"}],"version-history":[{"count":1,"href":"http:\/\/delfin-pakrac.com\/press\/index.php?rest_route=\/wp\/v2\/posts\/4213\/revisions"}],"predecessor-version":[{"id":4215,"href":"http:\/\/delfin-pakrac.com\/press\/index.php?rest_route=\/wp\/v2\/posts\/4213\/revisions\/4215"}],"wp:attachment":[{"href":"http:\/\/delfin-pakrac.com\/press\/index.php?rest_route=%2Fwp%2Fv2%2Fmedia&parent=4213"}],"wp:term":[{"taxonomy":"category","embeddable":true,"href":"http:\/\/delfin-pakrac.com\/press\/index.php?rest_route=%2Fwp%2Fv2%2Fcategories&post=4213"},{"taxonomy":"post_tag","embeddable":true,"href":"http:\/\/delfin-pakrac.com\/press\/index.php?rest_route=%2Fwp%2Fv2%2Ftags&post=4213"}],"curies":[{"name":"wp","href":"https:\/\/api.w.org\/{rel}","templated":true}]}}