{"id":4174,"date":"2025-11-28T09:44:18","date_gmt":"2025-11-28T08:44:18","guid":{"rendered":"https:\/\/delfin-pakrac.com\/press\/?p=4174"},"modified":"2025-11-28T09:44:18","modified_gmt":"2025-11-28T08:44:18","slug":"mreza-podrske-i-suradnje-za-zrtve-i-svjedoke-kaznenih-djela-11","status":"publish","type":"post","link":"http:\/\/delfin-pakrac.com\/press\/?p=4174","title":{"rendered":"Mre\u017ea podr\u0161ke i suradnje za \u017ertve i svjedoke kaznenih djela"},"content":{"rendered":"<p>25. studenog odr\u017ean je sastanak s predstavnicima Udruge slijepih Grada Po\u017eege i Po\u017ee\u0161ko-slavonske \u017eupanije. Sastanak s institucijama i nadle\u017enim tijelima je aktivnost programa &#8220;MRE\u017dA PODR\u0160KE I SURADNJE ZA \u017dRTVE I SVJEDOKE KAZNENIH DJELA.&#8221; Sastanak je odr\u017ean u prostorijama Udruge lijepih Grada Po\u017eege i Po\u017ee\u0161ko-slavonske \u017eupanije s po\u010detkom u 11:00 h. Na sastanku smo im predstavili svoj rad i aktivnosti koje provodimo. Upoznali smo ih sa brojem korisnika u 2025. godini te brojem savjetovanja koje smo odradile. Razgovarali smo o suradnji te me\u0111usobnom pru\u017eanju pomo\u0107i i podr\u0161ke kroz provedbu zajedni\u010dkih aktivnosti. Na obostranu zainteresiranost razgovarali smo o mogu\u0107nosti budu\u0107e suradnje kao partneri u raznim projektima.<br \/>\n<img loading=\"lazy\" decoding=\"async\" src=\"http:\/\/delfin-pakrac.com\/press\/wp-content\/uploads\/2025\/11\/1000162908-768x1024.jpg\" alt=\"\" width=\"584\" height=\"779\" class=\"aligncenter size-large wp-image-4176\" srcset=\"http:\/\/delfin-pakrac.com\/press\/wp-content\/uploads\/2025\/11\/1000162908-768x1024.jpg 768w, http:\/\/delfin-pakrac.com\/press\/wp-content\/uploads\/2025\/11\/1000162908-225x300.jpg 225w, http:\/\/delfin-pakrac.com\/press\/wp-content\/uploads\/2025\/11\/1000162908-1152x1536.jpg 1152w, http:\/\/delfin-pakrac.com\/press\/wp-content\/uploads\/2025\/11\/1000162908-1536x2048.jpg 1536w, http:\/\/delfin-pakrac.com\/press\/wp-content\/uploads\/2025\/11\/1000162908-scaled.jpg 1920w\" sizes=\"auto, (max-width: 584px) 100vw, 584px\" \/><\/p>\n<p><img loading=\"lazy\" decoding=\"async\" src=\"http:\/\/delfin-pakrac.com\/press\/wp-content\/uploads\/2025\/11\/1000162913-768x1024.jpg\" alt=\"\" width=\"584\" height=\"779\" class=\"aligncenter size-large wp-image-4177\" srcset=\"http:\/\/delfin-pakrac.com\/press\/wp-content\/uploads\/2025\/11\/1000162913-768x1024.jpg 768w, http:\/\/delfin-pakrac.com\/press\/wp-content\/uploads\/2025\/11\/1000162913-225x300.jpg 225w, http:\/\/delfin-pakrac.com\/press\/wp-content\/uploads\/2025\/11\/1000162913-1152x1536.jpg 1152w, http:\/\/delfin-pakrac.com\/press\/wp-content\/uploads\/2025\/11\/1000162913-1536x2048.jpg 1536w, http:\/\/delfin-pakrac.com\/press\/wp-content\/uploads\/2025\/11\/1000162913-scaled.jpg 1920w\" sizes=\"auto, (max-width: 584px) 100vw, 584px\" \/><\/p>\n","protected":false},"excerpt":{"rendered":"<p>25. studenog odr\u017ean je sastanak s predstavnicima Udruge slijepih Grada Po\u017eege i Po\u017ee\u0161ko-slavonske \u017eupanije. Sastanak s institucijama i nadle\u017enim tijelima je aktivnost programa &#8220;MRE\u017dA PODR\u0160KE I SURADNJE ZA \u017dRTVE I SVJEDOKE KAZNENIH DJELA.&#8221; Sastanak je odr\u017ean u prostorijama Udruge lijepih &hellip; <a href=\"http:\/\/delfin-pakrac.com\/press\/?p=4174\">Nastavi \u010ditati <span class=\"meta-nav\">&rarr;<\/span><\/a><\/p>\n","protected":false},"author":1,"featured_media":0,"comment_status":"closed","ping_status":"open","sticky":false,"template":"","format":"standard","meta":{"footnotes":""},"categories":[1],"tags":[],"class_list":["post-4174","post","type-post","status-publish","format-standard","hentry","category-uncategorized"],"_links":{"self":[{"href":"http:\/\/delfin-pakrac.com\/press\/index.php?rest_route=\/wp\/v2\/posts\/4174","targetHints":{"allow":["GET"]}}],"collection":[{"href":"http:\/\/delfin-pakrac.com\/press\/index.php?rest_route=\/wp\/v2\/posts"}],"about":[{"href":"http:\/\/delfin-pakrac.com\/press\/index.php?rest_route=\/wp\/v2\/types\/post"}],"author":[{"embeddable":true,"href":"http:\/\/delfin-pakrac.com\/press\/index.php?rest_route=\/wp\/v2\/users\/1"}],"replies":[{"embeddable":true,"href":"http:\/\/delfin-pakrac.com\/press\/index.php?rest_route=%2Fwp%2Fv2%2Fcomments&post=4174"}],"version-history":[{"count":1,"href":"http:\/\/delfin-pakrac.com\/press\/index.php?rest_route=\/wp\/v2\/posts\/4174\/revisions"}],"predecessor-version":[{"id":4178,"href":"http:\/\/delfin-pakrac.com\/press\/index.php?rest_route=\/wp\/v2\/posts\/4174\/revisions\/4178"}],"wp:attachment":[{"href":"http:\/\/delfin-pakrac.com\/press\/index.php?rest_route=%2Fwp%2Fv2%2Fmedia&parent=4174"}],"wp:term":[{"taxonomy":"category","embeddable":true,"href":"http:\/\/delfin-pakrac.com\/press\/index.php?rest_route=%2Fwp%2Fv2%2Fcategories&post=4174"},{"taxonomy":"post_tag","embeddable":true,"href":"http:\/\/delfin-pakrac.com\/press\/index.php?rest_route=%2Fwp%2Fv2%2Ftags&post=4174"}],"curies":[{"name":"wp","href":"https:\/\/api.w.org\/{rel}","templated":true}]}}