{"id":4149,"date":"2025-11-28T09:04:26","date_gmt":"2025-11-28T08:04:26","guid":{"rendered":"https:\/\/delfin-pakrac.com\/press\/?p=4149"},"modified":"2025-11-28T09:04:26","modified_gmt":"2025-11-28T08:04:26","slug":"sto-mozemo-uciniti-zajedno-radionica-2","status":"publish","type":"post","link":"http:\/\/delfin-pakrac.com\/press\/?p=4149","title":{"rendered":"\u201c\u0160TO MO\u017dEMO U\u010cINITI ZAJEDNO\u201d &#8211; Radionica"},"content":{"rendered":"<p>26. studenog odr\u017eana je radionica &#8220;\u0160TO JA MOGU U\u010cINITI ZA SEBE?&#8221; u projektu \u201c\u0160TO MO\u017dEMO U\u010cINITI ZAJEDNO\u201d kojeg Centar za podr\u0161ku i razvoj civilnog dru\u0161tva \u201cDELFIN\u201d Pakrac provodi uz financijsku podr\u0161ku Grada Pakraca. Radionica je odr\u017eana zajedno s \u010dlanovima \u010ce\u0161ke Besede Prekopakra i \u010dlanovima Udruge Hrvatski pleter. Radionica je odr\u017eana od 15:00 do 17:00 h.<br \/>\nNa ovoj radionici razgovarali smo o onome \u0161to nas veseli u \u017eivotu te kako si mo\u017eemo pomo\u0107i da nam bude bolje. Svi prisutni iznosili su ono \u0161to ih iz\/u \u017eivotu veseli i ono \u0161to im smeta. Posebno je nagla\u0161ena potreba brige o zdravlju i kvalitetnom \u017eivotu. Kao zaklju\u010dak mo\u017eemo re\u0107i da je va\u017eno voditi brigu o svojim potrebama jer na taj na\u010din doprinosimo kvaliteti svog \u017eivota. Sve to zajedno doprinosi osje\u0107aju pripadnosti dru\u0161tvu u zajednici u kojoj \u017eivimo te time smanjujemo osje\u0107aj izoliranosti i samo\u0107e. <img loading=\"lazy\" decoding=\"async\" src=\"http:\/\/delfin-pakrac.com\/press\/wp-content\/uploads\/2025\/11\/1000163920-768x1024.jpg\" alt=\"\" width=\"584\" height=\"779\" class=\"aligncenter size-large wp-image-4150\" srcset=\"http:\/\/delfin-pakrac.com\/press\/wp-content\/uploads\/2025\/11\/1000163920-768x1024.jpg 768w, http:\/\/delfin-pakrac.com\/press\/wp-content\/uploads\/2025\/11\/1000163920-225x300.jpg 225w, http:\/\/delfin-pakrac.com\/press\/wp-content\/uploads\/2025\/11\/1000163920-1152x1536.jpg 1152w, http:\/\/delfin-pakrac.com\/press\/wp-content\/uploads\/2025\/11\/1000163920-1536x2048.jpg 1536w, http:\/\/delfin-pakrac.com\/press\/wp-content\/uploads\/2025\/11\/1000163920-scaled.jpg 1920w\" sizes=\"auto, (max-width: 584px) 100vw, 584px\" \/><\/p>\n<p><img loading=\"lazy\" decoding=\"async\" src=\"http:\/\/delfin-pakrac.com\/press\/wp-content\/uploads\/2025\/11\/1000163924-768x1024.jpg\" alt=\"\" width=\"584\" height=\"779\" class=\"aligncenter size-large wp-image-4151\" srcset=\"http:\/\/delfin-pakrac.com\/press\/wp-content\/uploads\/2025\/11\/1000163924-768x1024.jpg 768w, http:\/\/delfin-pakrac.com\/press\/wp-content\/uploads\/2025\/11\/1000163924-225x300.jpg 225w, http:\/\/delfin-pakrac.com\/press\/wp-content\/uploads\/2025\/11\/1000163924-1152x1536.jpg 1152w, http:\/\/delfin-pakrac.com\/press\/wp-content\/uploads\/2025\/11\/1000163924-1536x2048.jpg 1536w, http:\/\/delfin-pakrac.com\/press\/wp-content\/uploads\/2025\/11\/1000163924-scaled.jpg 1920w\" sizes=\"auto, (max-width: 584px) 100vw, 584px\" \/><\/p>\n<p><img loading=\"lazy\" decoding=\"async\" src=\"http:\/\/delfin-pakrac.com\/press\/wp-content\/uploads\/2025\/11\/1000163923-768x1024.jpg\" alt=\"\" width=\"584\" height=\"779\" class=\"aligncenter size-large wp-image-4152\" srcset=\"http:\/\/delfin-pakrac.com\/press\/wp-content\/uploads\/2025\/11\/1000163923-768x1024.jpg 768w, http:\/\/delfin-pakrac.com\/press\/wp-content\/uploads\/2025\/11\/1000163923-225x300.jpg 225w, http:\/\/delfin-pakrac.com\/press\/wp-content\/uploads\/2025\/11\/1000163923-1152x1536.jpg 1152w, http:\/\/delfin-pakrac.com\/press\/wp-content\/uploads\/2025\/11\/1000163923-1536x2048.jpg 1536w, http:\/\/delfin-pakrac.com\/press\/wp-content\/uploads\/2025\/11\/1000163923-scaled.jpg 1920w\" sizes=\"auto, (max-width: 584px) 100vw, 584px\" \/><\/p>\n","protected":false},"excerpt":{"rendered":"<p>26. studenog odr\u017eana je radionica &#8220;\u0160TO JA MOGU U\u010cINITI ZA SEBE?&#8221; u projektu \u201c\u0160TO MO\u017dEMO U\u010cINITI ZAJEDNO\u201d kojeg Centar za podr\u0161ku i razvoj civilnog dru\u0161tva \u201cDELFIN\u201d Pakrac provodi uz financijsku podr\u0161ku Grada Pakraca. Radionica je odr\u017eana zajedno s \u010dlanovima \u010ce\u0161ke &hellip; <a href=\"http:\/\/delfin-pakrac.com\/press\/?p=4149\">Nastavi \u010ditati <span class=\"meta-nav\">&rarr;<\/span><\/a><\/p>\n","protected":false},"author":1,"featured_media":0,"comment_status":"closed","ping_status":"open","sticky":false,"template":"","format":"standard","meta":{"footnotes":""},"categories":[1],"tags":[],"class_list":["post-4149","post","type-post","status-publish","format-standard","hentry","category-uncategorized"],"_links":{"self":[{"href":"http:\/\/delfin-pakrac.com\/press\/index.php?rest_route=\/wp\/v2\/posts\/4149","targetHints":{"allow":["GET"]}}],"collection":[{"href":"http:\/\/delfin-pakrac.com\/press\/index.php?rest_route=\/wp\/v2\/posts"}],"about":[{"href":"http:\/\/delfin-pakrac.com\/press\/index.php?rest_route=\/wp\/v2\/types\/post"}],"author":[{"embeddable":true,"href":"http:\/\/delfin-pakrac.com\/press\/index.php?rest_route=\/wp\/v2\/users\/1"}],"replies":[{"embeddable":true,"href":"http:\/\/delfin-pakrac.com\/press\/index.php?rest_route=%2Fwp%2Fv2%2Fcomments&post=4149"}],"version-history":[{"count":1,"href":"http:\/\/delfin-pakrac.com\/press\/index.php?rest_route=\/wp\/v2\/posts\/4149\/revisions"}],"predecessor-version":[{"id":4153,"href":"http:\/\/delfin-pakrac.com\/press\/index.php?rest_route=\/wp\/v2\/posts\/4149\/revisions\/4153"}],"wp:attachment":[{"href":"http:\/\/delfin-pakrac.com\/press\/index.php?rest_route=%2Fwp%2Fv2%2Fmedia&parent=4149"}],"wp:term":[{"taxonomy":"category","embeddable":true,"href":"http:\/\/delfin-pakrac.com\/press\/index.php?rest_route=%2Fwp%2Fv2%2Fcategories&post=4149"},{"taxonomy":"post_tag","embeddable":true,"href":"http:\/\/delfin-pakrac.com\/press\/index.php?rest_route=%2Fwp%2Fv2%2Ftags&post=4149"}],"curies":[{"name":"wp","href":"https:\/\/api.w.org\/{rel}","templated":true}]}}