{"id":4062,"date":"2025-10-22T11:57:50","date_gmt":"2025-10-22T09:57:50","guid":{"rendered":"https:\/\/delfin-pakrac.com\/press\/?p=4062"},"modified":"2025-10-22T11:59:29","modified_gmt":"2025-10-22T09:59:29","slug":"kroz-suradnju-do-kvalitetnog-pruzanja-usluga-2","status":"publish","type":"post","link":"http:\/\/delfin-pakrac.com\/press\/?p=4062","title":{"rendered":"KROZ SURADNJU DO KVALITETNOG PRU\u017dANJA USLUGA &#8211; Obilje\u017eavanje Me\u0111unarodnog dana bijelog \u0161tapa"},"content":{"rendered":"<p>Djelatnice Centra za podr\u0161ku i razvoj civilnog dru\u0161tva &#8220;DELFIN&#8221; sudjelovale su na aktivnosti partnerske organizacije Udruge slijepih Pakrac-Lipik, 16.10.2025. godine. Udruga slijepih Pakrac-Lipik je povodom obilje\u017eavanja Me\u0111unarodnog dana bijelog \u0161tapa prikazala film &#8220;Bijeli \u0161tap&#8221; te provela sudionike kroz Muzej zatvorenih o\u010diju kako bi mogli do\u017eivjeti prostor kao slijepe i slabovidne osobe.<br \/>\nLink n a njihove objave te film u nastavku:<\/p>\n<blockquote class=\"wp-embedded-content\" data-secret=\"0MXZD85vPg\"><p><a href=\"https:\/\/udrugaslijepih-pl.hr\/listopad-do-sada-a-nije-mu-kraj\/\">Listopad do sada (a nije mu kraj)<\/a><\/p><\/blockquote>\n<p><iframe loading=\"lazy\" class=\"wp-embedded-content\" sandbox=\"allow-scripts\" security=\"restricted\" style=\"position: absolute; visibility: hidden;\" title=\"&#8220;Listopad do sada (a nije mu kraj)&#8221; &#8212; Udruga slijepih Pakrac-Lipik\" src=\"https:\/\/udrugaslijepih-pl.hr\/listopad-do-sada-a-nije-mu-kraj\/embed\/#?secret=NA2JntbFaP#?secret=0MXZD85vPg\" data-secret=\"0MXZD85vPg\" width=\"584\" height=\"329\" frameborder=\"0\" marginwidth=\"0\" marginheight=\"0\" scrolling=\"no\"><\/iframe><br \/>\nhttps:\/\/www.facebook.com\/udrugaslijepih.pakrac\/posts\/pfbid02V1pn11EVA1hpuYVn3RTuqfb3JVUVM4UVfxAUcLvB6sko5bjJeXDg7nDx5YTMY1Mul <\/p>\n","protected":false},"excerpt":{"rendered":"<p>Djelatnice Centra za podr\u0161ku i razvoj civilnog dru\u0161tva &#8220;DELFIN&#8221; sudjelovale su na aktivnosti partnerske organizacije Udruge slijepih Pakrac-Lipik, 16.10.2025. godine. Udruga slijepih Pakrac-Lipik je povodom obilje\u017eavanja Me\u0111unarodnog dana bijelog \u0161tapa prikazala film &#8220;Bijeli \u0161tap&#8221; te provela sudionike kroz Muzej zatvorenih &hellip; <a href=\"http:\/\/delfin-pakrac.com\/press\/?p=4062\">Nastavi \u010ditati <span class=\"meta-nav\">&rarr;<\/span><\/a><\/p>\n","protected":false},"author":1,"featured_media":0,"comment_status":"closed","ping_status":"open","sticky":false,"template":"","format":"standard","meta":{"footnotes":""},"categories":[1],"tags":[],"class_list":["post-4062","post","type-post","status-publish","format-standard","hentry","category-uncategorized"],"_links":{"self":[{"href":"http:\/\/delfin-pakrac.com\/press\/index.php?rest_route=\/wp\/v2\/posts\/4062","targetHints":{"allow":["GET"]}}],"collection":[{"href":"http:\/\/delfin-pakrac.com\/press\/index.php?rest_route=\/wp\/v2\/posts"}],"about":[{"href":"http:\/\/delfin-pakrac.com\/press\/index.php?rest_route=\/wp\/v2\/types\/post"}],"author":[{"embeddable":true,"href":"http:\/\/delfin-pakrac.com\/press\/index.php?rest_route=\/wp\/v2\/users\/1"}],"replies":[{"embeddable":true,"href":"http:\/\/delfin-pakrac.com\/press\/index.php?rest_route=%2Fwp%2Fv2%2Fcomments&post=4062"}],"version-history":[{"count":2,"href":"http:\/\/delfin-pakrac.com\/press\/index.php?rest_route=\/wp\/v2\/posts\/4062\/revisions"}],"predecessor-version":[{"id":4064,"href":"http:\/\/delfin-pakrac.com\/press\/index.php?rest_route=\/wp\/v2\/posts\/4062\/revisions\/4064"}],"wp:attachment":[{"href":"http:\/\/delfin-pakrac.com\/press\/index.php?rest_route=%2Fwp%2Fv2%2Fmedia&parent=4062"}],"wp:term":[{"taxonomy":"category","embeddable":true,"href":"http:\/\/delfin-pakrac.com\/press\/index.php?rest_route=%2Fwp%2Fv2%2Fcategories&post=4062"},{"taxonomy":"post_tag","embeddable":true,"href":"http:\/\/delfin-pakrac.com\/press\/index.php?rest_route=%2Fwp%2Fv2%2Ftags&post=4062"}],"curies":[{"name":"wp","href":"https:\/\/api.w.org\/{rel}","templated":true}]}}