{"id":4018,"date":"2025-10-01T13:29:47","date_gmt":"2025-10-01T11:29:47","guid":{"rendered":"https:\/\/delfin-pakrac.com\/press\/?p=4018"},"modified":"2025-10-23T13:25:34","modified_gmt":"2025-10-23T11:25:34","slug":"generacija-iskustva-obiljezavanje-medunarodnog-dana-starijih-osoba","status":"publish","type":"post","link":"http:\/\/delfin-pakrac.com\/press\/?p=4018","title":{"rendered":"&#8220;GENERACIJA ISKUSTVA&#8221; &#8211; Obilje\u017eavanje Me\u0111unarodnog dana starijih osoba"},"content":{"rendered":"<p>Centar za podr\u0161ku i razvoj civilnog dru\u0161tva &#8220;DELFIN&#8221; u okviru projekta &#8220;GENERACIJA ISKUSTVA&#8221; kojeg provodi s korisnicima Udruge &#8220;Pomo\u0107 u ku\u0107i&#8221; iz Lipika obilje\u017eio je 1.listopad kao Me\u0111unarodni dan starijih osoba. Projekt je financiran od strane Grada Lipika.<br \/>\n<img loading=\"lazy\" decoding=\"async\" src=\"http:\/\/delfin-pakrac.com\/press\/wp-content\/uploads\/2025\/10\/1000148025-768x1024.jpg\" alt=\"\" width=\"584\" height=\"779\" class=\"aligncenter size-large wp-image-4021\" srcset=\"http:\/\/delfin-pakrac.com\/press\/wp-content\/uploads\/2025\/10\/1000148025-768x1024.jpg 768w, http:\/\/delfin-pakrac.com\/press\/wp-content\/uploads\/2025\/10\/1000148025-225x300.jpg 225w, http:\/\/delfin-pakrac.com\/press\/wp-content\/uploads\/2025\/10\/1000148025-1152x1536.jpg 1152w, http:\/\/delfin-pakrac.com\/press\/wp-content\/uploads\/2025\/10\/1000148025-1536x2048.jpg 1536w, http:\/\/delfin-pakrac.com\/press\/wp-content\/uploads\/2025\/10\/1000148025-scaled.jpg 1920w\" sizes=\"auto, (max-width: 584px) 100vw, 584px\" \/><\/p>\n<p><img loading=\"lazy\" decoding=\"async\" src=\"http:\/\/delfin-pakrac.com\/press\/wp-content\/uploads\/2025\/10\/1000148034-768x1024.jpg\" alt=\"\" width=\"584\" height=\"779\" class=\"aligncenter size-large wp-image-4022\" srcset=\"http:\/\/delfin-pakrac.com\/press\/wp-content\/uploads\/2025\/10\/1000148034-768x1024.jpg 768w, http:\/\/delfin-pakrac.com\/press\/wp-content\/uploads\/2025\/10\/1000148034-225x300.jpg 225w, http:\/\/delfin-pakrac.com\/press\/wp-content\/uploads\/2025\/10\/1000148034-1152x1536.jpg 1152w, http:\/\/delfin-pakrac.com\/press\/wp-content\/uploads\/2025\/10\/1000148034-1536x2048.jpg 1536w, http:\/\/delfin-pakrac.com\/press\/wp-content\/uploads\/2025\/10\/1000148034-scaled.jpg 1920w\" sizes=\"auto, (max-width: 584px) 100vw, 584px\" \/><br \/>\n Me\u0111unarodni dan starijih osoba utemeljen je s ciljem podizanja svijesti o pitanjima koja se ti\u010du starijih osoba, poput doprinosa starijih osoba dru\u0161tvu, ali i procesu starenja. Svi smo kao dru\u0161tvo neosjetljivi na probleme i potrebe starijih osoba, a njihova \u017eivotna i radna iskustva mogla bi nam pomo\u0107i u razli\u010ditim slu\u010dajevima. Svjedoci smo da se ljudski vijek produ\u017eio i da svi imamo pravo na kvalitetan \u017eivot bez obzira na godine \u0161to podrazumijeva \u017eivot bez nasilja (podrazumijevaju\u0107i bez svih oblika nasilja), imati sigurnu materijalnu egzistenciju i dostupnost svim zdravstvenim, kulturnim i dru\u0161tvenim doga\u0111ajima.<br \/>\nS obzirom na navedeno, cilj nam je bio s kratkim porukama (slika u prilogu), razgovorom i razmjenom iskustva doprinijeti jednom novom i lijepom iskustvu starijih osoba.<br \/>\n<img loading=\"lazy\" decoding=\"async\" src=\"http:\/\/delfin-pakrac.com\/press\/wp-content\/uploads\/2025\/10\/1000148062-1024x768.jpg\" alt=\"\" width=\"584\" height=\"438\" class=\"aligncenter size-large wp-image-4024\" srcset=\"http:\/\/delfin-pakrac.com\/press\/wp-content\/uploads\/2025\/10\/1000148062-1024x768.jpg 1024w, http:\/\/delfin-pakrac.com\/press\/wp-content\/uploads\/2025\/10\/1000148062-300x225.jpg 300w, http:\/\/delfin-pakrac.com\/press\/wp-content\/uploads\/2025\/10\/1000148062-768x576.jpg 768w, http:\/\/delfin-pakrac.com\/press\/wp-content\/uploads\/2025\/10\/1000148062-1536x1152.jpg 1536w, http:\/\/delfin-pakrac.com\/press\/wp-content\/uploads\/2025\/10\/1000148062-400x300.jpg 400w, http:\/\/delfin-pakrac.com\/press\/wp-content\/uploads\/2025\/10\/1000148062.jpg 1600w\" sizes=\"auto, (max-width: 584px) 100vw, 584px\" \/><\/p>\n<p><img loading=\"lazy\" decoding=\"async\" src=\"http:\/\/delfin-pakrac.com\/press\/wp-content\/uploads\/2025\/10\/1000148046-1024x768.jpg\" alt=\"\" width=\"584\" height=\"438\" class=\"aligncenter size-large wp-image-4025\" srcset=\"http:\/\/delfin-pakrac.com\/press\/wp-content\/uploads\/2025\/10\/1000148046-1024x768.jpg 1024w, http:\/\/delfin-pakrac.com\/press\/wp-content\/uploads\/2025\/10\/1000148046-300x225.jpg 300w, http:\/\/delfin-pakrac.com\/press\/wp-content\/uploads\/2025\/10\/1000148046-768x576.jpg 768w, http:\/\/delfin-pakrac.com\/press\/wp-content\/uploads\/2025\/10\/1000148046-1536x1152.jpg 1536w, http:\/\/delfin-pakrac.com\/press\/wp-content\/uploads\/2025\/10\/1000148046-400x300.jpg 400w, http:\/\/delfin-pakrac.com\/press\/wp-content\/uploads\/2025\/10\/1000148046.jpg 1600w\" sizes=\"auto, (max-width: 584px) 100vw, 584px\" \/><\/p>\n<p><img loading=\"lazy\" decoding=\"async\" src=\"http:\/\/delfin-pakrac.com\/press\/wp-content\/uploads\/2025\/10\/1000148041-1024x768.jpg\" alt=\"\" width=\"584\" height=\"438\" class=\"aligncenter size-large wp-image-4026\" srcset=\"http:\/\/delfin-pakrac.com\/press\/wp-content\/uploads\/2025\/10\/1000148041-1024x768.jpg 1024w, http:\/\/delfin-pakrac.com\/press\/wp-content\/uploads\/2025\/10\/1000148041-300x225.jpg 300w, http:\/\/delfin-pakrac.com\/press\/wp-content\/uploads\/2025\/10\/1000148041-768x576.jpg 768w, http:\/\/delfin-pakrac.com\/press\/wp-content\/uploads\/2025\/10\/1000148041-1536x1152.jpg 1536w, http:\/\/delfin-pakrac.com\/press\/wp-content\/uploads\/2025\/10\/1000148041-2048x1536.jpg 2048w, http:\/\/delfin-pakrac.com\/press\/wp-content\/uploads\/2025\/10\/1000148041-400x300.jpg 400w\" sizes=\"auto, (max-width: 584px) 100vw, 584px\" \/><\/p>\n","protected":false},"excerpt":{"rendered":"<p>Centar za podr\u0161ku i razvoj civilnog dru\u0161tva &#8220;DELFIN&#8221; u okviru projekta &#8220;GENERACIJA ISKUSTVA&#8221; kojeg provodi s korisnicima Udruge &#8220;Pomo\u0107 u ku\u0107i&#8221; iz Lipika obilje\u017eio je 1.listopad kao Me\u0111unarodni dan starijih osoba. Projekt je financiran od strane Grada Lipika. Me\u0111unarodni dan &hellip; <a href=\"http:\/\/delfin-pakrac.com\/press\/?p=4018\">Nastavi \u010ditati <span class=\"meta-nav\">&rarr;<\/span><\/a><\/p>\n","protected":false},"author":1,"featured_media":0,"comment_status":"closed","ping_status":"open","sticky":false,"template":"","format":"standard","meta":{"footnotes":""},"categories":[1],"tags":[],"class_list":["post-4018","post","type-post","status-publish","format-standard","hentry","category-uncategorized"],"_links":{"self":[{"href":"http:\/\/delfin-pakrac.com\/press\/index.php?rest_route=\/wp\/v2\/posts\/4018","targetHints":{"allow":["GET"]}}],"collection":[{"href":"http:\/\/delfin-pakrac.com\/press\/index.php?rest_route=\/wp\/v2\/posts"}],"about":[{"href":"http:\/\/delfin-pakrac.com\/press\/index.php?rest_route=\/wp\/v2\/types\/post"}],"author":[{"embeddable":true,"href":"http:\/\/delfin-pakrac.com\/press\/index.php?rest_route=\/wp\/v2\/users\/1"}],"replies":[{"embeddable":true,"href":"http:\/\/delfin-pakrac.com\/press\/index.php?rest_route=%2Fwp%2Fv2%2Fcomments&post=4018"}],"version-history":[{"count":2,"href":"http:\/\/delfin-pakrac.com\/press\/index.php?rest_route=\/wp\/v2\/posts\/4018\/revisions"}],"predecessor-version":[{"id":4072,"href":"http:\/\/delfin-pakrac.com\/press\/index.php?rest_route=\/wp\/v2\/posts\/4018\/revisions\/4072"}],"wp:attachment":[{"href":"http:\/\/delfin-pakrac.com\/press\/index.php?rest_route=%2Fwp%2Fv2%2Fmedia&parent=4018"}],"wp:term":[{"taxonomy":"category","embeddable":true,"href":"http:\/\/delfin-pakrac.com\/press\/index.php?rest_route=%2Fwp%2Fv2%2Fcategories&post=4018"},{"taxonomy":"post_tag","embeddable":true,"href":"http:\/\/delfin-pakrac.com\/press\/index.php?rest_route=%2Fwp%2Fv2%2Ftags&post=4018"}],"curies":[{"name":"wp","href":"https:\/\/api.w.org\/{rel}","templated":true}]}}