{"id":3998,"date":"2025-09-23T07:37:48","date_gmt":"2025-09-23T05:37:48","guid":{"rendered":"https:\/\/delfin-pakrac.com\/press\/?p=3998"},"modified":"2025-09-23T07:37:48","modified_gmt":"2025-09-23T05:37:48","slug":"akcija-online-ili-offline-nasilje-je-nasilje","status":"publish","type":"post","link":"http:\/\/delfin-pakrac.com\/press\/?p=3998","title":{"rendered":"Akcija ONLINE ILI OFFLINE \u2013 NASILJE JE NASILJE"},"content":{"rendered":"<p>U sklopu Nacionalnog dana borbe protiv nasilja nad \u017eenama odr\u017eana je javna akcija ispred Gradske knji\u017enice u Po\u017eegi, 22.09.2025. godine. <\/p>\n<p><img loading=\"lazy\" decoding=\"async\" src=\"http:\/\/delfin-pakrac.com\/press\/wp-content\/uploads\/2025\/09\/IMG-20250922-WA0005-1024x768.jpg\" alt=\"\" width=\"584\" height=\"438\" class=\"aligncenter size-large wp-image-4003\" srcset=\"http:\/\/delfin-pakrac.com\/press\/wp-content\/uploads\/2025\/09\/IMG-20250922-WA0005-1024x768.jpg 1024w, http:\/\/delfin-pakrac.com\/press\/wp-content\/uploads\/2025\/09\/IMG-20250922-WA0005-300x225.jpg 300w, http:\/\/delfin-pakrac.com\/press\/wp-content\/uploads\/2025\/09\/IMG-20250922-WA0005-768x576.jpg 768w, http:\/\/delfin-pakrac.com\/press\/wp-content\/uploads\/2025\/09\/IMG-20250922-WA0005-1536x1152.jpg 1536w, http:\/\/delfin-pakrac.com\/press\/wp-content\/uploads\/2025\/09\/IMG-20250922-WA0005-400x300.jpg 400w, http:\/\/delfin-pakrac.com\/press\/wp-content\/uploads\/2025\/09\/IMG-20250922-WA0005.jpg 1600w\" sizes=\"auto, (max-width: 584px) 100vw, 584px\" \/><\/p>\n<p>U povodu Nacionalnog dana borbe protiv nasilja nad \u017eenama 22. rujna 2025. \u017denska mre\u017ea Hrvatske sa \u017eenskim organizacijama i inicijativama kampanjom i simboli\u010dnim akcijama u 16 gradova i mjesta ukazuje na problem digitalnog nasilja nad \u017eenama.<\/p>\n","protected":false},"excerpt":{"rendered":"<p>U sklopu Nacionalnog dana borbe protiv nasilja nad \u017eenama odr\u017eana je javna akcija ispred Gradske knji\u017enice u Po\u017eegi, 22.09.2025. godine. U povodu Nacionalnog dana borbe protiv nasilja nad \u017eenama 22. rujna 2025. \u017denska mre\u017ea Hrvatske sa \u017eenskim organizacijama i inicijativama &hellip; <a href=\"http:\/\/delfin-pakrac.com\/press\/?p=3998\">Nastavi \u010ditati <span class=\"meta-nav\">&rarr;<\/span><\/a><\/p>\n","protected":false},"author":1,"featured_media":0,"comment_status":"closed","ping_status":"open","sticky":false,"template":"","format":"standard","meta":{"footnotes":""},"categories":[1],"tags":[],"class_list":["post-3998","post","type-post","status-publish","format-standard","hentry","category-uncategorized"],"_links":{"self":[{"href":"http:\/\/delfin-pakrac.com\/press\/index.php?rest_route=\/wp\/v2\/posts\/3998","targetHints":{"allow":["GET"]}}],"collection":[{"href":"http:\/\/delfin-pakrac.com\/press\/index.php?rest_route=\/wp\/v2\/posts"}],"about":[{"href":"http:\/\/delfin-pakrac.com\/press\/index.php?rest_route=\/wp\/v2\/types\/post"}],"author":[{"embeddable":true,"href":"http:\/\/delfin-pakrac.com\/press\/index.php?rest_route=\/wp\/v2\/users\/1"}],"replies":[{"embeddable":true,"href":"http:\/\/delfin-pakrac.com\/press\/index.php?rest_route=%2Fwp%2Fv2%2Fcomments&post=3998"}],"version-history":[{"count":1,"href":"http:\/\/delfin-pakrac.com\/press\/index.php?rest_route=\/wp\/v2\/posts\/3998\/revisions"}],"predecessor-version":[{"id":4004,"href":"http:\/\/delfin-pakrac.com\/press\/index.php?rest_route=\/wp\/v2\/posts\/3998\/revisions\/4004"}],"wp:attachment":[{"href":"http:\/\/delfin-pakrac.com\/press\/index.php?rest_route=%2Fwp%2Fv2%2Fmedia&parent=3998"}],"wp:term":[{"taxonomy":"category","embeddable":true,"href":"http:\/\/delfin-pakrac.com\/press\/index.php?rest_route=%2Fwp%2Fv2%2Fcategories&post=3998"},{"taxonomy":"post_tag","embeddable":true,"href":"http:\/\/delfin-pakrac.com\/press\/index.php?rest_route=%2Fwp%2Fv2%2Ftags&post=3998"}],"curies":[{"name":"wp","href":"https:\/\/api.w.org\/{rel}","templated":true}]}}