{"id":3993,"date":"2025-09-19T08:24:30","date_gmt":"2025-09-19T06:24:30","guid":{"rendered":"https:\/\/delfin-pakrac.com\/press\/?p=3993"},"modified":"2025-09-19T08:24:30","modified_gmt":"2025-09-19T06:24:30","slug":"akcija-online-ili-offline-nasilje-je-nasilje-u-16-gradova","status":"publish","type":"post","link":"http:\/\/delfin-pakrac.com\/press\/?p=3993","title":{"rendered":"Akcija ONLINE ILI OFFLINE \u2013 NASILJE JE NASILJE u 16 gradova"},"content":{"rendered":"<p>Akcija ONLINE ILI OFFLINE \u2013 NASILJE JE NASILJE u 16 gradova<\/p>\n<p>U povodu Nacionalnog dana borbe protiv nasilja nad \u017eenama 22. rujna 2025. \u017denska mre\u017ea Hrvatske sa \u017eenskim organizacijama i inicijativama kampanjom i simboli\u010dnim akcijama u 16 gradova i mjesta ukazuje na problem digitalnog nasilja nad \u017eenama.<\/p>\n<p>Nasilje u virtualnom prostoru ni jednu \u017eenu ponaosob nije zaobi\u0161lo. Uvrede, objektivizacija, ocjenjivanje \u017eenskog izgleda i prijetnje, objavljivanje privatnih podataka i vizualnih sadr\u017eaja, sastavni su dio odrastanja svake djevoj\u010dice u Hrvatskoj i kasnije njenog profesionalnog \u017eivota.<\/p>\n<p>Ova praksa poprimila je zastra\u0161uju\u0107e razmjere na dru\u0161tvenim mre\u017eama i u medijima te umanjuje kvalitetu \u017eivota svake \u017eene pojedina\u010dno i polo\u017eaj \u017eena u dru\u0161tvu.<\/p>\n<p>Normalizacija i izostanak sankcija za takvu praksu u\u010dvr\u0161\u0107uje polo\u017eaj \u017eena kao gra\u0111anki drugog reda.<\/p>\n<p>Za\u0161tita \u017eena od tih oblika nasilja jo\u0161 uvijek nije adekvatna. Republika Hrvatska, osim \u0161to je du\u017ena svojim gra\u0111ankama da ih za\u0161titi od svih oblika nasilja, du\u017ena je i uskladiti svoje zakonodavstvo sa Direktivom Europske unije o suzbijanju nasilja nad \u017eenama i nasilja u obitelji koja sadr\u017ei eksplicitne odredbe koje se ti\u010du digitalnog nasilja nad \u017eenama.<\/p>\n<p>Iako je Direktiva stupila na snagu prije vi\u0161e od godinu dana, jo\u0161 uvijek nije sastavljena ni radna skupina koja bi radila na uskla\u0111ivanju na\u0161eg zakonodavstva sa ovom va\u017enom Direktivom.<br \/>\nSimboli\u010dkom javnom akcijom \u201eOnline ili offline \u2013 nasilje je nasilje \u201c \u017eene tra\u017ee od Hrvatske dr\u017eave da preuzme odgovornost i poduzme konkretne korake za za\u0161titu \u017eena od nasilja u online prostoru.<\/p>\n<p>Zahtijevamo hitno usvajanje izmjena zakona, osobito izmjene Kaznenog zakona, koje \u0107e \u0161tititi \u017eene od nasilja u online prostoru u svim njegovim oblicima i protiv svih po\u010dinitelja (uklju\u010duju\u0107i izmjene kaznenih djela spolnog uznemiravanja i zlouporaba snimke spolno eksplicitnog sadr\u017eaja), u skladu s Direktivom EU o suzbijanju nasilja nad \u017eenama i nasilja u obitelji.<\/p>\n<p>Mjesta i vremena odr\u017eavanja akcije:<br \/>\nZagreb: Trg sv. Marka, ispred Vlade RH, 10:00 sati, kontakt: \u017denska mre\u017ea Hrvatske: 097\/6748879<br \/>\nOsijek: Osijek, Trg slobode, ispod &#8220;jedra&#8221;, 17:00 sati, kontakt: udruga Adela: 099\/2924000<br \/>\nSplit: Narodni trg (Pjaca), 10:00 sati, kontakt: udruga Domine: 099\/76022265<br \/>\nRijeka: kod Gradske ure na Korzu, 10 sati, kontakt: SOS Rijeka: 091\/5202618<br \/>\nKoprivnica: Gradska tr\u017enica, 10:00 sati, kontakt: Hera Kri\u017eevci 091\/7885522<br \/>\nBeli Manastir: Trg slobode, 10:00 sati, kontakt: Oaza Beli Manastir: 098\/1739973<br \/>\nPo\u017eega: Antuna Kani\u017eli\u0107a 1, ispred Gradske knji\u017enice, 13:15 sati, kontakt: DELFIN Pakrac: 098\/1617623<br \/>\nVukovar: Trg dr. Franje Tu\u0111mana (kod sata), 10:00 sati, kontakt: Udruga \u017dena Vukovar: 095\/3711100<br \/>\nBjelovar: Trg Eugena Kvaternika, 10:00 sati, kontakt: Hera Kri\u017eevci i Iris Bjelovar: 095\/5333305<br \/>\n\u0160ibenik: Trg Poljana 17:00 sati, kontakt: \u0160ibenska udruga mladih \u0160.U.M., KU Fotopoetika: 098\/9555029<br \/>\nKarlovac: Trg Matije Gupca 1, 10:00 sati, kontakt: \u017denska grupa Karlovac \u201eKorak\u201c: kontakt: 099\/2142824<br \/>\nKorenica: Trg sv. Jurja, ispred KIC-a, 10:30 sati, kontakt: udruga \u017eena Nit: 099\/5141105<br \/>\nVirovitica: Trg fra Bonifacija Gerbera, 10:00 sati, kontakt: SOS Virovitica: 091\/ 5241384<br \/>\nTrogir: Mali most, 15:00 sati, kontakt: Inicijativa TrA\u017dene: 091\/5168615<br \/>\nKor\u010dula: ulaz u Stari grad (kula Revelin), 11:00 sati kontakt: Udruga za promicanje ljudskih prava i gra\u0111anskog aktivizma Kap: 098\/9784440<br \/>\nPore\u010d: tr\u017enica, 10:00 sati, kontakt: Centar za gra\u0111anske inicijative Pore\u010d: 098699112<\/p>\n<p>\u017denska mre\u017ea Hrvatske:<br \/>\nUdruga Adela Osijek<br \/>\nAutonomna \u017eenska ku\u0107a Zagreb<br \/>\nCentar za \u017eenske studije<br \/>\nCenter for Civil Courage \u2013 HRABRE SESTRE<br \/>\nCentar za gra\u0111anske inicijative Pore\u010d<br \/>\nCentar za \u017eene \u017ertve rata &#8211; ROSA<br \/>\nDelfin Zamir<br \/>\nCentar Idem Ija<br \/>\nDE\u0160A Dubrovnik<br \/>\nUdruga Domine<br \/>\nKoordinacija \u017eenskih grupa SEKA<br \/>\nLezbijska grupa Kontra<br \/>\nOAZA Beli Manastir<br \/>\nPGDI Beli Manastir<br \/>\nUdruga Sofija za osna\u017eivanje, za\u0161titu i promicanje ljudskih prava<br \/>\nSOS Rijeka &#8211; centar za nenasilje i ljudska prava<br \/>\nSOS Virovitica<br \/>\nTARA Li\u010dko Petrovo selo<br \/>\nUdruga Brod<br \/>\nHERA Kri\u017eevci \u2013 za za\u0161titu i promicanje ljudskih prava<br \/>\nUdruga \u017eena Dalj<br \/>\nUdruga \u017eena NIT Korenica<br \/>\nUdruga \u017eena Romkinja &#8220;Bolja budu\u0107nost&#8221;<br \/>\nUdruga \u017eena Vukovar<br \/>\n\u017denska grupa Donji Lapac<br \/>\n\u017denska grupa Split<br \/>\n\u017denska pomo\u0107 sada \u2013 SOS telefon za \u017eene i djecu \u017ertve nasilja<br \/>\n\u017dENSKA UDRUGA IZVOR Tenja<br \/>\n\u017denska sekcija @Savez samostalnih sindikata Hrvatske<\/p>\n<p>CESI &#8211; Centar za edukaciju, savjetovanje i istra\u017eivanje<br \/>\nInicijativa TrA\u017dene<br \/>\nIris Bjelovar<br \/>\nKulturno sportski Kul Pong klub<br \/>\nLORI Rijeka<br \/>\nRODA &#8211; Roditelji u akciji<br \/>\n\u0160ibenska udruga mladih \u0160.U.M. i KU Fotopoetika<br \/>\nUdruga Kap Kor\u010dula<br \/>\n\u017denska soba<\/p>\n","protected":false},"excerpt":{"rendered":"<p>Akcija ONLINE ILI OFFLINE \u2013 NASILJE JE NASILJE u 16 gradova U povodu Nacionalnog dana borbe protiv nasilja nad \u017eenama 22. rujna 2025. \u017denska mre\u017ea Hrvatske sa \u017eenskim organizacijama i inicijativama kampanjom i simboli\u010dnim akcijama u 16 gradova i mjesta &hellip; <a href=\"http:\/\/delfin-pakrac.com\/press\/?p=3993\">Nastavi \u010ditati <span class=\"meta-nav\">&rarr;<\/span><\/a><\/p>\n","protected":false},"author":1,"featured_media":0,"comment_status":"closed","ping_status":"open","sticky":false,"template":"","format":"standard","meta":{"footnotes":""},"categories":[1],"tags":[],"class_list":["post-3993","post","type-post","status-publish","format-standard","hentry","category-uncategorized"],"_links":{"self":[{"href":"http:\/\/delfin-pakrac.com\/press\/index.php?rest_route=\/wp\/v2\/posts\/3993","targetHints":{"allow":["GET"]}}],"collection":[{"href":"http:\/\/delfin-pakrac.com\/press\/index.php?rest_route=\/wp\/v2\/posts"}],"about":[{"href":"http:\/\/delfin-pakrac.com\/press\/index.php?rest_route=\/wp\/v2\/types\/post"}],"author":[{"embeddable":true,"href":"http:\/\/delfin-pakrac.com\/press\/index.php?rest_route=\/wp\/v2\/users\/1"}],"replies":[{"embeddable":true,"href":"http:\/\/delfin-pakrac.com\/press\/index.php?rest_route=%2Fwp%2Fv2%2Fcomments&post=3993"}],"version-history":[{"count":1,"href":"http:\/\/delfin-pakrac.com\/press\/index.php?rest_route=\/wp\/v2\/posts\/3993\/revisions"}],"predecessor-version":[{"id":3994,"href":"http:\/\/delfin-pakrac.com\/press\/index.php?rest_route=\/wp\/v2\/posts\/3993\/revisions\/3994"}],"wp:attachment":[{"href":"http:\/\/delfin-pakrac.com\/press\/index.php?rest_route=%2Fwp%2Fv2%2Fmedia&parent=3993"}],"wp:term":[{"taxonomy":"category","embeddable":true,"href":"http:\/\/delfin-pakrac.com\/press\/index.php?rest_route=%2Fwp%2Fv2%2Fcategories&post=3993"},{"taxonomy":"post_tag","embeddable":true,"href":"http:\/\/delfin-pakrac.com\/press\/index.php?rest_route=%2Fwp%2Fv2%2Ftags&post=3993"}],"curies":[{"name":"wp","href":"https:\/\/api.w.org\/{rel}","templated":true}]}}