{"id":3978,"date":"2025-09-16T13:11:05","date_gmt":"2025-09-16T11:11:05","guid":{"rendered":"https:\/\/delfin-pakrac.com\/press\/?p=3978"},"modified":"2025-09-16T13:11:05","modified_gmt":"2025-09-16T11:11:05","slug":"tjedan-cjelozivotnog-ucenja-pou-obris","status":"publish","type":"post","link":"http:\/\/delfin-pakrac.com\/press\/?p=3978","title":{"rendered":"Tjedan cjelo\u017eivotnog u\u010denja &#8211; POU OBRIS"},"content":{"rendered":"<p>Centar za podr\u0161ku i razvoj civilnog dru\u0161tva &#8220;DELFIN&#8221; sudjelovao je na sastanku i dogovoru POU Obris -a kao koordinatora aktivnosti Tjedna cjelo\u017eivotnog u\u010denja Po\u017ee\u0161ko &#8211; slavonske \u017eupanije. Sastanak se odr\u017eao danas, utorak u Velikoj vije\u0107nici Grada Pakraca u 10:00 h.<br \/>\nTjedan cjelo\u017eivotnog u\u010denja je nacionalna obrazovna kampanja koja se organizira s ciljem podizanja svijesti o va\u017enosti cjelo\u017eivotnog u\u010denja i pove\u0107anje sudjelovanja\/uklju\u010denosti odraslih u procesima cjelo\u017eivotnog u\u010denja. Time se ja\u010da konkurentnost odraslih na tr\u017ei\u0161tu rada i ja\u010da se osobni kapacitet pojedinaca za aktivno sudjelovanje u dru\u0161tvu. Ove godine je 19. Tjedan cjelo\u017eivotnog u\u010denja koji se financira iz Europskog socijalnog fonda putem projekta Daljnji razvoj sustava osiguravanja kvalitete u obrazovanju odraslih i podizanje svijesti o va\u017enosti cjelo\u017eivotnog u\u010denja.<br \/>\n<img loading=\"lazy\" decoding=\"async\" src=\"http:\/\/delfin-pakrac.com\/press\/wp-content\/uploads\/2025\/09\/1000143164-1024x768.jpg\" alt=\"\" width=\"584\" height=\"438\" class=\"aligncenter size-large wp-image-3979\" srcset=\"http:\/\/delfin-pakrac.com\/press\/wp-content\/uploads\/2025\/09\/1000143164-1024x768.jpg 1024w, http:\/\/delfin-pakrac.com\/press\/wp-content\/uploads\/2025\/09\/1000143164-300x225.jpg 300w, http:\/\/delfin-pakrac.com\/press\/wp-content\/uploads\/2025\/09\/1000143164-768x576.jpg 768w, http:\/\/delfin-pakrac.com\/press\/wp-content\/uploads\/2025\/09\/1000143164-1536x1152.jpg 1536w, http:\/\/delfin-pakrac.com\/press\/wp-content\/uploads\/2025\/09\/1000143164-2048x1536.jpg 2048w, http:\/\/delfin-pakrac.com\/press\/wp-content\/uploads\/2025\/09\/1000143164-400x300.jpg 400w\" sizes=\"auto, (max-width: 584px) 100vw, 584px\" \/><\/p>\n<p><img loading=\"lazy\" decoding=\"async\" src=\"http:\/\/delfin-pakrac.com\/press\/wp-content\/uploads\/2025\/09\/1000143163-1024x768.jpg\" alt=\"\" width=\"584\" height=\"438\" class=\"aligncenter size-large wp-image-3980\" srcset=\"http:\/\/delfin-pakrac.com\/press\/wp-content\/uploads\/2025\/09\/1000143163-1024x768.jpg 1024w, http:\/\/delfin-pakrac.com\/press\/wp-content\/uploads\/2025\/09\/1000143163-300x225.jpg 300w, http:\/\/delfin-pakrac.com\/press\/wp-content\/uploads\/2025\/09\/1000143163-768x576.jpg 768w, http:\/\/delfin-pakrac.com\/press\/wp-content\/uploads\/2025\/09\/1000143163-1536x1152.jpg 1536w, http:\/\/delfin-pakrac.com\/press\/wp-content\/uploads\/2025\/09\/1000143163-2048x1536.jpg 2048w, http:\/\/delfin-pakrac.com\/press\/wp-content\/uploads\/2025\/09\/1000143163-400x300.jpg 400w\" sizes=\"auto, (max-width: 584px) 100vw, 584px\" \/><\/p>\n<p><img loading=\"lazy\" decoding=\"async\" src=\"http:\/\/delfin-pakrac.com\/press\/wp-content\/uploads\/2025\/09\/1000143162-1024x768.jpg\" alt=\"\" width=\"584\" height=\"438\" class=\"aligncenter size-large wp-image-3981\" srcset=\"http:\/\/delfin-pakrac.com\/press\/wp-content\/uploads\/2025\/09\/1000143162-1024x768.jpg 1024w, http:\/\/delfin-pakrac.com\/press\/wp-content\/uploads\/2025\/09\/1000143162-300x225.jpg 300w, http:\/\/delfin-pakrac.com\/press\/wp-content\/uploads\/2025\/09\/1000143162-768x576.jpg 768w, http:\/\/delfin-pakrac.com\/press\/wp-content\/uploads\/2025\/09\/1000143162-1536x1152.jpg 1536w, http:\/\/delfin-pakrac.com\/press\/wp-content\/uploads\/2025\/09\/1000143162-2048x1536.jpg 2048w, http:\/\/delfin-pakrac.com\/press\/wp-content\/uploads\/2025\/09\/1000143162-400x300.jpg 400w\" sizes=\"auto, (max-width: 584px) 100vw, 584px\" \/><\/p>\n","protected":false},"excerpt":{"rendered":"<p>Centar za podr\u0161ku i razvoj civilnog dru\u0161tva &#8220;DELFIN&#8221; sudjelovao je na sastanku i dogovoru POU Obris -a kao koordinatora aktivnosti Tjedna cjelo\u017eivotnog u\u010denja Po\u017ee\u0161ko &#8211; slavonske \u017eupanije. Sastanak se odr\u017eao danas, utorak u Velikoj vije\u0107nici Grada Pakraca u 10:00 h. &hellip; <a href=\"http:\/\/delfin-pakrac.com\/press\/?p=3978\">Nastavi \u010ditati <span class=\"meta-nav\">&rarr;<\/span><\/a><\/p>\n","protected":false},"author":1,"featured_media":0,"comment_status":"closed","ping_status":"open","sticky":false,"template":"","format":"standard","meta":{"footnotes":""},"categories":[1],"tags":[],"class_list":["post-3978","post","type-post","status-publish","format-standard","hentry","category-uncategorized"],"_links":{"self":[{"href":"http:\/\/delfin-pakrac.com\/press\/index.php?rest_route=\/wp\/v2\/posts\/3978","targetHints":{"allow":["GET"]}}],"collection":[{"href":"http:\/\/delfin-pakrac.com\/press\/index.php?rest_route=\/wp\/v2\/posts"}],"about":[{"href":"http:\/\/delfin-pakrac.com\/press\/index.php?rest_route=\/wp\/v2\/types\/post"}],"author":[{"embeddable":true,"href":"http:\/\/delfin-pakrac.com\/press\/index.php?rest_route=\/wp\/v2\/users\/1"}],"replies":[{"embeddable":true,"href":"http:\/\/delfin-pakrac.com\/press\/index.php?rest_route=%2Fwp%2Fv2%2Fcomments&post=3978"}],"version-history":[{"count":1,"href":"http:\/\/delfin-pakrac.com\/press\/index.php?rest_route=\/wp\/v2\/posts\/3978\/revisions"}],"predecessor-version":[{"id":3982,"href":"http:\/\/delfin-pakrac.com\/press\/index.php?rest_route=\/wp\/v2\/posts\/3978\/revisions\/3982"}],"wp:attachment":[{"href":"http:\/\/delfin-pakrac.com\/press\/index.php?rest_route=%2Fwp%2Fv2%2Fmedia&parent=3978"}],"wp:term":[{"taxonomy":"category","embeddable":true,"href":"http:\/\/delfin-pakrac.com\/press\/index.php?rest_route=%2Fwp%2Fv2%2Fcategories&post=3978"},{"taxonomy":"post_tag","embeddable":true,"href":"http:\/\/delfin-pakrac.com\/press\/index.php?rest_route=%2Fwp%2Fv2%2Ftags&post=3978"}],"curies":[{"name":"wp","href":"https:\/\/api.w.org\/{rel}","templated":true}]}}