{"id":3956,"date":"2025-08-29T11:21:58","date_gmt":"2025-08-29T09:21:58","guid":{"rendered":"https:\/\/delfin-pakrac.com\/press\/?p=3956"},"modified":"2025-08-29T11:21:58","modified_gmt":"2025-08-29T09:21:58","slug":"mreza-podrske-i-suradnje-za-zrtve-i-svjedoke-kaznenih-djela-mjesecni-partnerski-sastanak-7","status":"publish","type":"post","link":"http:\/\/delfin-pakrac.com\/press\/?p=3956","title":{"rendered":"MRE\u017dA PODR\u0160KE I SURADNJE ZA \u017dRTVE I SVJEDOKE KAZNENIH DJELA &#8211; mjese\u010dni partnerski sastanak"},"content":{"rendered":"<p>Mjese\u010dni partnerski sastanak odr\u017ean je 29.08.2025. godine s po\u010detkom u 10:00 h.<br \/>\nNa sastanku Mre\u017ee podr\u0161ke i suradnje za \u017ertve i svjedoke kaznenih djela razgovarali smo o pisanju tre\u0107e godine, aktivnostima, financijskim sredstvima. Svi detalji \u0107e se dogovoriti na idu\u0107em sastanku.<br \/>\n<img loading=\"lazy\" decoding=\"async\" src=\"http:\/\/delfin-pakrac.com\/press\/wp-content\/uploads\/2025\/08\/Snimka-zaslona-2025-08-29-100232-1-1024x562.png\" alt=\"\" width=\"584\" height=\"321\" class=\"aligncenter size-large wp-image-3958\" srcset=\"http:\/\/delfin-pakrac.com\/press\/wp-content\/uploads\/2025\/08\/Snimka-zaslona-2025-08-29-100232-1-1024x562.png 1024w, http:\/\/delfin-pakrac.com\/press\/wp-content\/uploads\/2025\/08\/Snimka-zaslona-2025-08-29-100232-1-300x165.png 300w, http:\/\/delfin-pakrac.com\/press\/wp-content\/uploads\/2025\/08\/Snimka-zaslona-2025-08-29-100232-1-768x422.png 768w, http:\/\/delfin-pakrac.com\/press\/wp-content\/uploads\/2025\/08\/Snimka-zaslona-2025-08-29-100232-1-1536x843.png 1536w, http:\/\/delfin-pakrac.com\/press\/wp-content\/uploads\/2025\/08\/Snimka-zaslona-2025-08-29-100232-1-500x275.png 500w, http:\/\/delfin-pakrac.com\/press\/wp-content\/uploads\/2025\/08\/Snimka-zaslona-2025-08-29-100232-1.png 1734w\" sizes=\"auto, (max-width: 584px) 100vw, 584px\" \/><\/p>\n","protected":false},"excerpt":{"rendered":"<p>Mjese\u010dni partnerski sastanak odr\u017ean je 29.08.2025. godine s po\u010detkom u 10:00 h. Na sastanku Mre\u017ee podr\u0161ke i suradnje za \u017ertve i svjedoke kaznenih djela razgovarali smo o pisanju tre\u0107e godine, aktivnostima, financijskim sredstvima. Svi detalji \u0107e se dogovoriti na idu\u0107em &hellip; <a href=\"http:\/\/delfin-pakrac.com\/press\/?p=3956\">Nastavi \u010ditati <span class=\"meta-nav\">&rarr;<\/span><\/a><\/p>\n","protected":false},"author":1,"featured_media":0,"comment_status":"closed","ping_status":"open","sticky":false,"template":"","format":"standard","meta":{"footnotes":""},"categories":[1],"tags":[],"class_list":["post-3956","post","type-post","status-publish","format-standard","hentry","category-uncategorized"],"_links":{"self":[{"href":"http:\/\/delfin-pakrac.com\/press\/index.php?rest_route=\/wp\/v2\/posts\/3956","targetHints":{"allow":["GET"]}}],"collection":[{"href":"http:\/\/delfin-pakrac.com\/press\/index.php?rest_route=\/wp\/v2\/posts"}],"about":[{"href":"http:\/\/delfin-pakrac.com\/press\/index.php?rest_route=\/wp\/v2\/types\/post"}],"author":[{"embeddable":true,"href":"http:\/\/delfin-pakrac.com\/press\/index.php?rest_route=\/wp\/v2\/users\/1"}],"replies":[{"embeddable":true,"href":"http:\/\/delfin-pakrac.com\/press\/index.php?rest_route=%2Fwp%2Fv2%2Fcomments&post=3956"}],"version-history":[{"count":1,"href":"http:\/\/delfin-pakrac.com\/press\/index.php?rest_route=\/wp\/v2\/posts\/3956\/revisions"}],"predecessor-version":[{"id":3959,"href":"http:\/\/delfin-pakrac.com\/press\/index.php?rest_route=\/wp\/v2\/posts\/3956\/revisions\/3959"}],"wp:attachment":[{"href":"http:\/\/delfin-pakrac.com\/press\/index.php?rest_route=%2Fwp%2Fv2%2Fmedia&parent=3956"}],"wp:term":[{"taxonomy":"category","embeddable":true,"href":"http:\/\/delfin-pakrac.com\/press\/index.php?rest_route=%2Fwp%2Fv2%2Fcategories&post=3956"},{"taxonomy":"post_tag","embeddable":true,"href":"http:\/\/delfin-pakrac.com\/press\/index.php?rest_route=%2Fwp%2Fv2%2Ftags&post=3956"}],"curies":[{"name":"wp","href":"https:\/\/api.w.org\/{rel}","templated":true}]}}