{"id":3764,"date":"2025-04-16T13:30:39","date_gmt":"2025-04-16T11:30:39","guid":{"rendered":"https:\/\/delfin-pakrac.com\/press\/?p=3764"},"modified":"2025-04-16T13:30:39","modified_gmt":"2025-04-16T11:30:39","slug":"ahmici-32-godine-kasnije-ne-u-nase-ime","status":"publish","type":"post","link":"http:\/\/delfin-pakrac.com\/press\/?p=3764","title":{"rendered":"\u201eAhmi\u0107i 32 godine kasnije: Ne u na\u0161e ime\u201c"},"content":{"rendered":"<p style=\"font-weight: 400;\">Povodom 32. obljetnice ratnih zlo\u010dina po\u010dinjenih u Ahmi\u0107ima pokraj Viteza, volonterka i kooridnatorica OCD Delfin -a sudjelovala je na antiratnoj protestnoj akciji u znak sje\u0107anja na \u017ertve Ahmi\u0107a, u <strong>srijedu, 16. travnja\/aprila 2025<\/strong>. na Trgu bana J. Jela\u010di\u0107a, u 12 sati.<\/p>\n<p style=\"font-weight: 400;\">Antiratnu akciju i tribinu zajedno organiziraju Centar za \u017eene \u017ertve rata \u2013 ROSA, Zagreb, Udru\u017eenje za dru\u0161tvena istra\u017eivanja i komunikacije (UDIK), Sarajevo, Centar za gra\u0111ansku hrabrost, Zagreb, Documenta \u2013 Centar za suo\u010davanje s pro\u0161lo\u0161\u0107u, Zagreb i \u017denska mre\u017ea Hrvatske.<\/p>\n<p><img loading=\"lazy\" decoding=\"async\" class=\"aligncenter size-large wp-image-3765\" src=\"http:\/\/delfin-pakrac.com\/press\/wp-content\/uploads\/2025\/04\/IMG-20250416-WA0000-1024x768.jpg\" alt=\"\" width=\"584\" height=\"438\" srcset=\"http:\/\/delfin-pakrac.com\/press\/wp-content\/uploads\/2025\/04\/IMG-20250416-WA0000-1024x768.jpg 1024w, http:\/\/delfin-pakrac.com\/press\/wp-content\/uploads\/2025\/04\/IMG-20250416-WA0000-300x225.jpg 300w, http:\/\/delfin-pakrac.com\/press\/wp-content\/uploads\/2025\/04\/IMG-20250416-WA0000-768x576.jpg 768w, http:\/\/delfin-pakrac.com\/press\/wp-content\/uploads\/2025\/04\/IMG-20250416-WA0000-1536x1152.jpg 1536w, http:\/\/delfin-pakrac.com\/press\/wp-content\/uploads\/2025\/04\/IMG-20250416-WA0000-400x300.jpg 400w, http:\/\/delfin-pakrac.com\/press\/wp-content\/uploads\/2025\/04\/IMG-20250416-WA0000.jpg 1600w\" sizes=\"auto, (max-width: 584px) 100vw, 584px\" \/><\/p>\n","protected":false},"excerpt":{"rendered":"<p>Povodom 32. obljetnice ratnih zlo\u010dina po\u010dinjenih u Ahmi\u0107ima pokraj Viteza, volonterka i kooridnatorica OCD Delfin -a sudjelovala je na antiratnoj protestnoj akciji u znak sje\u0107anja na \u017ertve Ahmi\u0107a, u srijedu, 16. travnja\/aprila 2025. na Trgu bana J. Jela\u010di\u0107a, u 12 &hellip; <a href=\"http:\/\/delfin-pakrac.com\/press\/?p=3764\">Nastavi \u010ditati <span class=\"meta-nav\">&rarr;<\/span><\/a><\/p>\n","protected":false},"author":1,"featured_media":0,"comment_status":"closed","ping_status":"open","sticky":false,"template":"","format":"standard","meta":{"footnotes":""},"categories":[1],"tags":[],"class_list":["post-3764","post","type-post","status-publish","format-standard","hentry","category-uncategorized"],"_links":{"self":[{"href":"http:\/\/delfin-pakrac.com\/press\/index.php?rest_route=\/wp\/v2\/posts\/3764","targetHints":{"allow":["GET"]}}],"collection":[{"href":"http:\/\/delfin-pakrac.com\/press\/index.php?rest_route=\/wp\/v2\/posts"}],"about":[{"href":"http:\/\/delfin-pakrac.com\/press\/index.php?rest_route=\/wp\/v2\/types\/post"}],"author":[{"embeddable":true,"href":"http:\/\/delfin-pakrac.com\/press\/index.php?rest_route=\/wp\/v2\/users\/1"}],"replies":[{"embeddable":true,"href":"http:\/\/delfin-pakrac.com\/press\/index.php?rest_route=%2Fwp%2Fv2%2Fcomments&post=3764"}],"version-history":[{"count":1,"href":"http:\/\/delfin-pakrac.com\/press\/index.php?rest_route=\/wp\/v2\/posts\/3764\/revisions"}],"predecessor-version":[{"id":3767,"href":"http:\/\/delfin-pakrac.com\/press\/index.php?rest_route=\/wp\/v2\/posts\/3764\/revisions\/3767"}],"wp:attachment":[{"href":"http:\/\/delfin-pakrac.com\/press\/index.php?rest_route=%2Fwp%2Fv2%2Fmedia&parent=3764"}],"wp:term":[{"taxonomy":"category","embeddable":true,"href":"http:\/\/delfin-pakrac.com\/press\/index.php?rest_route=%2Fwp%2Fv2%2Fcategories&post=3764"},{"taxonomy":"post_tag","embeddable":true,"href":"http:\/\/delfin-pakrac.com\/press\/index.php?rest_route=%2Fwp%2Fv2%2Ftags&post=3764"}],"curies":[{"name":"wp","href":"https:\/\/api.w.org\/{rel}","templated":true}]}}