{"id":3761,"date":"2025-04-16T09:48:13","date_gmt":"2025-04-16T07:48:13","guid":{"rendered":"https:\/\/delfin-pakrac.com\/press\/?p=3761"},"modified":"2025-04-16T09:48:13","modified_gmt":"2025-04-16T07:48:13","slug":"izjava-za-javnost-ahmici-32-godine-kasnije-ne-u-nase-ime","status":"publish","type":"post","link":"http:\/\/delfin-pakrac.com\/press\/?p=3761","title":{"rendered":"Izjava za javnost: AHMI\u0106I 32 GODINE KASNIJE: NE U NA\u0160E IME"},"content":{"rendered":"<h3 style=\"font-weight: 400; text-align: center;\"><strong>IZJAVA ZA JAVNOST<\/strong><br \/>\n<strong>AHMI\u0106I 32 GODINE KASNIJE: NE U NA\u0160E IME<\/strong><\/p>\n<p>Mi dolje potpisane\/i, u povodu 32. obljetnice ratnih zlo\u010dina po\u010dinjenih u Ahmi\u0107ima pokraj Viteza, upu\u0107ujemo javnosti zajedni\u010dku izjavu:<\/h3>\n<h3 style=\"font-weight: 400; text-align: center;\">\nU ranim jutarnjim satima, 16. travnja 1993., napad na srednjobosansko mjesto Ahmi\u0107i izvele su lokalne postrojbe HVO-a. Ha\u0161ki sud je ove zlo\u010dine okarakterizirao zlo\u010dinom protiv \u010dovje\u010dnosti. Jedan je to od najokrutnijih zlo\u010dina u ratovima na teritoriju nekada\u0161nje Jugoslavije. Ujedno, to je i najve\u0107i pojedina\u010dni zlo\u010din po\u010dinjen tijekom bo\u0161nja\u010dko-hrvatskog sukoba u Bosni i Hercegovini.\u00a0Ubijeno je 116 osoba bo\u0161nja\u010dkog etniciteta, 24 ih je ranjeno, uni\u0161teno je 169 ku\u0107a te dvije d\u017eamije. 32 ubijene \u017ertve bile su \u017eene, a 11 djeca mla\u0111a od 18 godina.<\/p>\n<p>Dario Kordi\u0107, biv\u0161i predsjednik Hrvatske demokratske zajednice (HDZ) Bosne i Hercegovine, izme\u0111u ostalih, osu\u0111en po zapovjednoj odgovornosti na 25 godina za ratne zlo\u010dine po\u010dinjene u sredi\u0161njoj Bosni, uklju\u010duju\u0107i i Ahmi\u0107e. Me\u0111unarodni kazneni sud za biv\u0161u Jugoslaviju je zaklju\u010dio da je ovaj zlo\u010din po\u010dinjen u okviru me\u0111unarodnog oru\u017eanog sukoba izme\u0111u Republike Bosne i Hercegovine i Republike Hrvatske. Pravomo\u0107no je potvr\u0111eno da je \u201cHrvatska ostvarivala sveukupnu kontrolu nad HVO-om\u201c te \u201erukovodila u planiranju, koordinaciji i organizaciji HVO-a.\u201c<\/p>\n<p>Od hrvatske vlasti zahtijevamo da se odgovorno odnose prema ratnom zlo\u010dinu po\u010dinjenom u na\u0161e ime na na\u010din da obilje\u017eavaju ovaj datum te odaju pijetet civilnim \u017ertvama ubijenim u na\u0161e ime na teritoriju Bosne i Hercegovine, na isti na\u010din kao \u0161to se odaje po\u0161tovanjem \u017ertvama poginulim u ratu na prostoru Hrvatske.<\/p>\n<p>Zahtijevamo da se informacije o ovom zlo\u010dinu uvrste u sve oblike povijesnog sje\u0107anja putem javnih medija i institucionalnih manifestacija. Tako\u0111er, da se uvrste na odgovaraju\u0107i i odgovoran na\u010din u povijesne ud\u017ebenike.<\/p>\n<p>Zahtijevamo da glavni grad Republike Hrvatske preuzme svoj dio odgovornosti za suo\u010davanje s pro\u0161lo\u0161\u0107u. Da imenuje Trg ahmi\u0107kih \u017ertava u Gradu Zagrebu.<\/p>\n<p>Trg ahmi\u0107kih \u017ertava je va\u017ean kao iskaz pijeteta \u017ertvama ratnog zlo\u010dina. Doprinosio bi osvje\u0161tavanju i educiranju javnosti, te prevenciji zlo\u010dina. Ve\u0107 tre\u0107u godinu zahtijevamo od Grada Zagreba pozitivan odgovor na inicijativu. Istina, sje\u0107anje i dobrosusjedski odnosi trebali bi se graditi djelima, a ne samo na rije\u010dima. Odgovornim obrazovanjem i informiranjem gra\u0111ana, Republika Hrvatska mo\u017ee napraviti konkretan korak u spre\u010davanju ponavljanja ovakvih zlo\u010dina u budu\u0107nosti.<\/p>\n<p>U srijedu, 16. travnja 2025. na Trgu bana Josipa Jela\u010di\u0107a u 12 sati organizirat \u0107emo antiratnu akciju u znak sje\u0107anja na \u017ertve Ahmi\u0107a. Istog dana, u 17 sati u Knji\u017enici i \u010ditaonici Bogdana Ogrizovi\u0107a u Zagrebu odr\u017eat \u0107emo tribinu \u201eZa\u0161to je Zagrebu potreban Trg ahmi\u0107kih \u017ertava?\u201c. Govorit \u0107e: Marijana Senjak, psihoterapeutkinja koja je specijalizirala traumatsku psihologiju; Tamara Opa\u010di\u0107, glavna urednica dru\u0161tvenog magazina Nada; Edvin Kanka \u0106udi\u0107, koordinator UDIK-a (Sarajevo). Moderatorica \u0107e biti Vesna Ter\u0161eli\u010d, voditeljica\u00a0<em>Documente \u2013\u00a0<\/em>Centra za suo\u010davanje s pro\u0161lo\u0161\u0107u.<\/p>\n<p>Centar za \u017eene \u017ertve rata \u2013 ROSA, Zagreb<\/p>\n<p>Udru\u017eenje za dru\u0161tvena istra\u017eivanja i komunikacije (UDIK), Sarajevo<\/p>\n<p>Centar za gra\u0111ansku hrabrost, Zagreb<\/p>\n<p><em>Documenta<\/em>\u00a0\u2013 Centar za suo\u010davanje s pro\u0161lo\u0161\u0107u, Zagreb<\/p>\n<p>\u017denska mre\u017ea Hrvatske<\/h3>\n<p><a href=\"http:\/\/delfin-pakrac.com\/press\/wp-content\/uploads\/2025\/04\/Izjava-za-javnost-16.04.2025.docx\">Izjava za javnost 16.04.2025.<\/a><\/p>\n","protected":false},"excerpt":{"rendered":"<p>IZJAVA ZA JAVNOST AHMI\u0106I 32 GODINE KASNIJE: NE U NA\u0160E IME Mi dolje potpisane\/i, u povodu 32. obljetnice ratnih zlo\u010dina po\u010dinjenih u Ahmi\u0107ima pokraj Viteza, upu\u0107ujemo javnosti zajedni\u010dku izjavu: U ranim jutarnjim satima, 16. travnja 1993., napad na srednjobosansko mjesto &hellip; <a href=\"http:\/\/delfin-pakrac.com\/press\/?p=3761\">Nastavi \u010ditati <span class=\"meta-nav\">&rarr;<\/span><\/a><\/p>\n","protected":false},"author":1,"featured_media":0,"comment_status":"closed","ping_status":"open","sticky":false,"template":"","format":"standard","meta":{"footnotes":""},"categories":[1],"tags":[],"class_list":["post-3761","post","type-post","status-publish","format-standard","hentry","category-uncategorized"],"_links":{"self":[{"href":"http:\/\/delfin-pakrac.com\/press\/index.php?rest_route=\/wp\/v2\/posts\/3761","targetHints":{"allow":["GET"]}}],"collection":[{"href":"http:\/\/delfin-pakrac.com\/press\/index.php?rest_route=\/wp\/v2\/posts"}],"about":[{"href":"http:\/\/delfin-pakrac.com\/press\/index.php?rest_route=\/wp\/v2\/types\/post"}],"author":[{"embeddable":true,"href":"http:\/\/delfin-pakrac.com\/press\/index.php?rest_route=\/wp\/v2\/users\/1"}],"replies":[{"embeddable":true,"href":"http:\/\/delfin-pakrac.com\/press\/index.php?rest_route=%2Fwp%2Fv2%2Fcomments&post=3761"}],"version-history":[{"count":1,"href":"http:\/\/delfin-pakrac.com\/press\/index.php?rest_route=\/wp\/v2\/posts\/3761\/revisions"}],"predecessor-version":[{"id":3763,"href":"http:\/\/delfin-pakrac.com\/press\/index.php?rest_route=\/wp\/v2\/posts\/3761\/revisions\/3763"}],"wp:attachment":[{"href":"http:\/\/delfin-pakrac.com\/press\/index.php?rest_route=%2Fwp%2Fv2%2Fmedia&parent=3761"}],"wp:term":[{"taxonomy":"category","embeddable":true,"href":"http:\/\/delfin-pakrac.com\/press\/index.php?rest_route=%2Fwp%2Fv2%2Fcategories&post=3761"},{"taxonomy":"post_tag","embeddable":true,"href":"http:\/\/delfin-pakrac.com\/press\/index.php?rest_route=%2Fwp%2Fv2%2Ftags&post=3761"}],"curies":[{"name":"wp","href":"https:\/\/api.w.org\/{rel}","templated":true}]}}