{"id":3689,"date":"2025-03-17T09:32:57","date_gmt":"2025-03-17T08:32:57","guid":{"rendered":"http:\/\/delfin-pakrac.com\/press\/?p=3689"},"modified":"2025-03-17T09:32:57","modified_gmt":"2025-03-17T08:32:57","slug":"mreza-podrske-i-suradnje-za-zrtve-i-svjedoke-kaznenih-djela-sastanak-5","status":"publish","type":"post","link":"http:\/\/delfin-pakrac.com\/press\/?p=3689","title":{"rendered":"\u201cMRE\u017dA PODR\u0160KE I SURADNJE ZA \u017dRTVE I SVJEDOKE KAZNENIH DJELA \u201c- sastanak"},"content":{"rendered":"<p>U sklopu programa &#8220;Mre\u017ea podr\u0161ke i suradnje za \u017ertve i svjedoke kaznenih djela&#8221; odr\u017ean je sastanak, 13. o\u017eujka 2025. godine u Hrvatskom zavodu za socijalni rad, Podru\u010dni ured Kutina. Na sastanku smo ukratko predstavili rad Centra za podr\u0161ku i razvoj civilnog dru\u0161tva &#8220;DELFIN&#8221;\u00a0 te sve aktivnosti koje provodimo. Predstavnike Hrvatskog zavoda za socijalni rad, Podru\u010dni ured Kutina upoznali smo s brojem korisnika u protekloj 2024. godini te sa brojem savjetovanja koje smo pru\u017eile \u017ertvama nasilja. Razgovarali smo o suradnji te me\u0111usobnom pru\u017eanju pomo\u0107i i podr\u0161ke kroz provedbu zajedni\u010dkih aktivnosti.<\/p>\n<p><img loading=\"lazy\" decoding=\"async\" class=\"aligncenter size-large wp-image-3690\" src=\"http:\/\/delfin-pakrac.com\/press\/wp-content\/uploads\/2025\/03\/unnamed-2-2-1024x768.jpg\" alt=\"\" width=\"584\" height=\"438\" srcset=\"http:\/\/delfin-pakrac.com\/press\/wp-content\/uploads\/2025\/03\/unnamed-2-2-1024x768.jpg 1024w, http:\/\/delfin-pakrac.com\/press\/wp-content\/uploads\/2025\/03\/unnamed-2-2-300x225.jpg 300w, http:\/\/delfin-pakrac.com\/press\/wp-content\/uploads\/2025\/03\/unnamed-2-2-768x576.jpg 768w, http:\/\/delfin-pakrac.com\/press\/wp-content\/uploads\/2025\/03\/unnamed-2-2-1536x1152.jpg 1536w, http:\/\/delfin-pakrac.com\/press\/wp-content\/uploads\/2025\/03\/unnamed-2-2-2048x1536.jpg 2048w, http:\/\/delfin-pakrac.com\/press\/wp-content\/uploads\/2025\/03\/unnamed-2-2-400x300.jpg 400w\" sizes=\"auto, (max-width: 584px) 100vw, 584px\" \/> <img loading=\"lazy\" decoding=\"async\" class=\"aligncenter size-large wp-image-3691\" src=\"http:\/\/delfin-pakrac.com\/press\/wp-content\/uploads\/2025\/03\/unnamed-1-2-1024x768.jpg\" alt=\"\" width=\"584\" height=\"438\" srcset=\"http:\/\/delfin-pakrac.com\/press\/wp-content\/uploads\/2025\/03\/unnamed-1-2-1024x768.jpg 1024w, http:\/\/delfin-pakrac.com\/press\/wp-content\/uploads\/2025\/03\/unnamed-1-2-300x225.jpg 300w, http:\/\/delfin-pakrac.com\/press\/wp-content\/uploads\/2025\/03\/unnamed-1-2-768x576.jpg 768w, http:\/\/delfin-pakrac.com\/press\/wp-content\/uploads\/2025\/03\/unnamed-1-2-1536x1152.jpg 1536w, http:\/\/delfin-pakrac.com\/press\/wp-content\/uploads\/2025\/03\/unnamed-1-2-2048x1536.jpg 2048w, http:\/\/delfin-pakrac.com\/press\/wp-content\/uploads\/2025\/03\/unnamed-1-2-400x300.jpg 400w\" sizes=\"auto, (max-width: 584px) 100vw, 584px\" \/> <img loading=\"lazy\" decoding=\"async\" class=\"aligncenter size-large wp-image-3692\" src=\"http:\/\/delfin-pakrac.com\/press\/wp-content\/uploads\/2025\/03\/unnamed-5-1024x768.jpg\" alt=\"\" width=\"584\" height=\"438\" srcset=\"http:\/\/delfin-pakrac.com\/press\/wp-content\/uploads\/2025\/03\/unnamed-5-1024x768.jpg 1024w, http:\/\/delfin-pakrac.com\/press\/wp-content\/uploads\/2025\/03\/unnamed-5-300x225.jpg 300w, http:\/\/delfin-pakrac.com\/press\/wp-content\/uploads\/2025\/03\/unnamed-5-768x576.jpg 768w, http:\/\/delfin-pakrac.com\/press\/wp-content\/uploads\/2025\/03\/unnamed-5-1536x1152.jpg 1536w, http:\/\/delfin-pakrac.com\/press\/wp-content\/uploads\/2025\/03\/unnamed-5-2048x1536.jpg 2048w, http:\/\/delfin-pakrac.com\/press\/wp-content\/uploads\/2025\/03\/unnamed-5-400x300.jpg 400w\" sizes=\"auto, (max-width: 584px) 100vw, 584px\" \/><\/p>\n","protected":false},"excerpt":{"rendered":"<p>U sklopu programa &#8220;Mre\u017ea podr\u0161ke i suradnje za \u017ertve i svjedoke kaznenih djela&#8221; odr\u017ean je sastanak, 13. o\u017eujka 2025. godine u Hrvatskom zavodu za socijalni rad, Podru\u010dni ured Kutina. Na sastanku smo ukratko predstavili rad Centra za podr\u0161ku i razvoj &hellip; <a href=\"http:\/\/delfin-pakrac.com\/press\/?p=3689\">Nastavi \u010ditati <span class=\"meta-nav\">&rarr;<\/span><\/a><\/p>\n","protected":false},"author":1,"featured_media":0,"comment_status":"closed","ping_status":"open","sticky":false,"template":"","format":"standard","meta":{"footnotes":""},"categories":[1],"tags":[],"class_list":["post-3689","post","type-post","status-publish","format-standard","hentry","category-uncategorized"],"_links":{"self":[{"href":"http:\/\/delfin-pakrac.com\/press\/index.php?rest_route=\/wp\/v2\/posts\/3689","targetHints":{"allow":["GET"]}}],"collection":[{"href":"http:\/\/delfin-pakrac.com\/press\/index.php?rest_route=\/wp\/v2\/posts"}],"about":[{"href":"http:\/\/delfin-pakrac.com\/press\/index.php?rest_route=\/wp\/v2\/types\/post"}],"author":[{"embeddable":true,"href":"http:\/\/delfin-pakrac.com\/press\/index.php?rest_route=\/wp\/v2\/users\/1"}],"replies":[{"embeddable":true,"href":"http:\/\/delfin-pakrac.com\/press\/index.php?rest_route=%2Fwp%2Fv2%2Fcomments&post=3689"}],"version-history":[{"count":1,"href":"http:\/\/delfin-pakrac.com\/press\/index.php?rest_route=\/wp\/v2\/posts\/3689\/revisions"}],"predecessor-version":[{"id":3693,"href":"http:\/\/delfin-pakrac.com\/press\/index.php?rest_route=\/wp\/v2\/posts\/3689\/revisions\/3693"}],"wp:attachment":[{"href":"http:\/\/delfin-pakrac.com\/press\/index.php?rest_route=%2Fwp%2Fv2%2Fmedia&parent=3689"}],"wp:term":[{"taxonomy":"category","embeddable":true,"href":"http:\/\/delfin-pakrac.com\/press\/index.php?rest_route=%2Fwp%2Fv2%2Fcategories&post=3689"},{"taxonomy":"post_tag","embeddable":true,"href":"http:\/\/delfin-pakrac.com\/press\/index.php?rest_route=%2Fwp%2Fv2%2Ftags&post=3689"}],"curies":[{"name":"wp","href":"https:\/\/api.w.org\/{rel}","templated":true}]}}