{"id":3642,"date":"2025-02-20T09:11:23","date_gmt":"2025-02-20T08:11:23","guid":{"rendered":"http:\/\/delfin-pakrac.com\/press\/?p=3642"},"modified":"2025-02-20T09:11:23","modified_gmt":"2025-02-20T08:11:23","slug":"obiljezavanje-europskog-dana-zastite-zrtava-kaznenih-djela","status":"publish","type":"post","link":"http:\/\/delfin-pakrac.com\/press\/?p=3642","title":{"rendered":"Obilje\u017eavanje Europskog dana za\u0161tite \u017ertava kaznenih djela"},"content":{"rendered":"<p>Svake godine 22. velja\u010de se u\u00a0 Europskoj\u00a0 uniji obilje\u017eava Europski dan za\u0161tite \u017ertava kaznenih djela.<\/p>\n<p>Republika\u00a0\u00a0 Hrvatska\u00a0 je\u00a0\u00a0 kroz\u00a0 Kazneni zakon, Zakon o kaznenom postupku te pod zakonske propise regulirala\u00a0 prava i postupanja prema \u017ertvama i svjedocima kaznenih djela i prekr\u0161aja.<\/p>\n<p>Godi\u0161nje vi\u0161e od 75 miliona\u00a0 ljudi u Europskoj uniji\u00a0 postanu \u017ertve te\u0161kih zlo\u010dina,\u00a0 mnoge od njih nemaju potpunu za\u0161titu, a mnoge niti ne prijave kazneno djelo, \u0161to zbog straha od po\u010dinitelja, \u0161to zbog dugotrajnih sudskih postupaka\u00a0 i nepovjerenja u sustav.<\/p>\n<p>I ove godine Centar za podr\u0161ku i razvoj civilnog dru\u0161tva \u201eDELFIN\u201c\u00a0 se\u00a0 uklju\u010duje\u00a0 u akciju\u00a0 obilje\u017eavanja Europskog dana\u00a0 za\u0161tite \u017ertava\u00a0 koju \u0107e\u00a0 provesti \u010dlanice Mre\u017ee podr\u0161ke i suradnje za \u017ertve i svjedoke kaznenih djela.<\/p>\n<p>DELFIN \u0107e <strong>akciju odr\u017eati\u00a0 21.velja\u010de 2025. godine u Po\u017eegi<\/strong> u suradnji s PU Po\u017ee\u0161ko slavonskom, HZSR PU Po\u017eega, Obiteljskim centrom Po\u017ee\u0161ko slavonske \u017eupanije, HZZ Ispostava Po\u017eega, <strong>u pje\u0161a\u010dkoj zoni, ispred Op\u0107inskog suda u Po\u017eegi s<\/strong> <strong>po\u010detkom u 10 sati.<\/strong><\/p>\n<p><strong>Cilj akcije<\/strong> je osvijestiti i senzibilizirati javnost na\u00a0 postojanje sustavne pomo\u0107i i podr\u0161ke \u017ertvama i svjedocima kaznenih djela i prekr\u0161aja, odnosno podizanju svijesti o pravima \u017ertava i svjedoka.<\/p>\n<p>Podsje\u0107amo da se kazneno djelo mo\u017ee prijaviti policiji, pozivom na broj 112, dr\u017eavnom odvjetni\u0161tvu, nadle\u017enom\u00a0 podru\u010dnom uredu HZSR, organizacijama \u010dlanicama Mre\u017ee podr\u0161ke i suradnje za \u017ertve kaznenih djela., Hrvatskom pravnom centru, Centru za mirovne studije, SOLIDARNOJ, \u2026<\/p>\n<p><img loading=\"lazy\" decoding=\"async\" class=\"aligncenter size-full wp-image-3643\" src=\"http:\/\/delfin-pakrac.com\/press\/wp-content\/uploads\/2025\/02\/Stop-nasilju-nad-zenama-3-1.png\" alt=\"\" width=\"641\" height=\"403\" srcset=\"http:\/\/delfin-pakrac.com\/press\/wp-content\/uploads\/2025\/02\/Stop-nasilju-nad-zenama-3-1.png 641w, http:\/\/delfin-pakrac.com\/press\/wp-content\/uploads\/2025\/02\/Stop-nasilju-nad-zenama-3-1-300x189.png 300w, http:\/\/delfin-pakrac.com\/press\/wp-content\/uploads\/2025\/02\/Stop-nasilju-nad-zenama-3-1-477x300.png 477w\" sizes=\"auto, (max-width: 641px) 100vw, 641px\" \/><\/p>\n","protected":false},"excerpt":{"rendered":"<p>Svake godine 22. velja\u010de se u\u00a0 Europskoj\u00a0 uniji obilje\u017eava Europski dan za\u0161tite \u017ertava kaznenih djela. Republika\u00a0\u00a0 Hrvatska\u00a0 je\u00a0\u00a0 kroz\u00a0 Kazneni zakon, Zakon o kaznenom postupku te pod zakonske propise regulirala\u00a0 prava i postupanja prema \u017ertvama i svjedocima kaznenih djela i &hellip; <a href=\"http:\/\/delfin-pakrac.com\/press\/?p=3642\">Nastavi \u010ditati <span class=\"meta-nav\">&rarr;<\/span><\/a><\/p>\n","protected":false},"author":1,"featured_media":0,"comment_status":"closed","ping_status":"open","sticky":false,"template":"","format":"standard","meta":{"footnotes":""},"categories":[1],"tags":[],"class_list":["post-3642","post","type-post","status-publish","format-standard","hentry","category-uncategorized"],"_links":{"self":[{"href":"http:\/\/delfin-pakrac.com\/press\/index.php?rest_route=\/wp\/v2\/posts\/3642","targetHints":{"allow":["GET"]}}],"collection":[{"href":"http:\/\/delfin-pakrac.com\/press\/index.php?rest_route=\/wp\/v2\/posts"}],"about":[{"href":"http:\/\/delfin-pakrac.com\/press\/index.php?rest_route=\/wp\/v2\/types\/post"}],"author":[{"embeddable":true,"href":"http:\/\/delfin-pakrac.com\/press\/index.php?rest_route=\/wp\/v2\/users\/1"}],"replies":[{"embeddable":true,"href":"http:\/\/delfin-pakrac.com\/press\/index.php?rest_route=%2Fwp%2Fv2%2Fcomments&post=3642"}],"version-history":[{"count":1,"href":"http:\/\/delfin-pakrac.com\/press\/index.php?rest_route=\/wp\/v2\/posts\/3642\/revisions"}],"predecessor-version":[{"id":3644,"href":"http:\/\/delfin-pakrac.com\/press\/index.php?rest_route=\/wp\/v2\/posts\/3642\/revisions\/3644"}],"wp:attachment":[{"href":"http:\/\/delfin-pakrac.com\/press\/index.php?rest_route=%2Fwp%2Fv2%2Fmedia&parent=3642"}],"wp:term":[{"taxonomy":"category","embeddable":true,"href":"http:\/\/delfin-pakrac.com\/press\/index.php?rest_route=%2Fwp%2Fv2%2Fcategories&post=3642"},{"taxonomy":"post_tag","embeddable":true,"href":"http:\/\/delfin-pakrac.com\/press\/index.php?rest_route=%2Fwp%2Fv2%2Ftags&post=3642"}],"curies":[{"name":"wp","href":"https:\/\/api.w.org\/{rel}","templated":true}]}}