{"id":3639,"date":"2025-02-14T12:24:03","date_gmt":"2025-02-14T11:24:03","guid":{"rendered":"http:\/\/delfin-pakrac.com\/press\/?p=3639"},"modified":"2025-02-14T12:24:03","modified_gmt":"2025-02-14T11:24:03","slug":"mreza-podrske-i-suradnje-za-zrtve-i-svjedoke-kaznenih-djela-intervizijski-sastanak-2","status":"publish","type":"post","link":"http:\/\/delfin-pakrac.com\/press\/?p=3639","title":{"rendered":"MRE\u017dA PODR\u0160KE I SURADNJE ZA \u017dRTVE I SVJEDOKE KAZNENIH DJELA \u2013 intervizijski sastanak"},"content":{"rendered":"<p>14. velja\u010de 2025. godine\u00a0 s po\u010detkom u 10:00 h odr\u017ean je intervizijski sastanak Mre\u017ee podr\u0161ke i suradnje za \u017ertve i svjedoke kaznenih djela. Na sastanku su se razmjenjivala iskustva u radu te pote\u0161ko\u0107e s kojima se susre\u0107emo. Osvrt na godi\u0161nji izvje\u0161taj i razgovor o predstoje\u0107im aktivnostima.<\/p>\n<p><img loading=\"lazy\" decoding=\"async\" class=\"aligncenter size-large wp-image-3640\" src=\"http:\/\/delfin-pakrac.com\/press\/wp-content\/uploads\/2025\/02\/Snimka-zaslona-2025-02-14-101837-1024x587.png\" alt=\"\" width=\"584\" height=\"335\" srcset=\"http:\/\/delfin-pakrac.com\/press\/wp-content\/uploads\/2025\/02\/Snimka-zaslona-2025-02-14-101837-1024x587.png 1024w, http:\/\/delfin-pakrac.com\/press\/wp-content\/uploads\/2025\/02\/Snimka-zaslona-2025-02-14-101837-300x172.png 300w, http:\/\/delfin-pakrac.com\/press\/wp-content\/uploads\/2025\/02\/Snimka-zaslona-2025-02-14-101837-768x440.png 768w, http:\/\/delfin-pakrac.com\/press\/wp-content\/uploads\/2025\/02\/Snimka-zaslona-2025-02-14-101837-1536x881.png 1536w, http:\/\/delfin-pakrac.com\/press\/wp-content\/uploads\/2025\/02\/Snimka-zaslona-2025-02-14-101837-500x287.png 500w, http:\/\/delfin-pakrac.com\/press\/wp-content\/uploads\/2025\/02\/Snimka-zaslona-2025-02-14-101837.png 1704w\" sizes=\"auto, (max-width: 584px) 100vw, 584px\" \/><\/p>\n","protected":false},"excerpt":{"rendered":"<p>14. velja\u010de 2025. godine\u00a0 s po\u010detkom u 10:00 h odr\u017ean je intervizijski sastanak Mre\u017ee podr\u0161ke i suradnje za \u017ertve i svjedoke kaznenih djela. Na sastanku su se razmjenjivala iskustva u radu te pote\u0161ko\u0107e s kojima se susre\u0107emo. Osvrt na godi\u0161nji &hellip; <a href=\"http:\/\/delfin-pakrac.com\/press\/?p=3639\">Nastavi \u010ditati <span class=\"meta-nav\">&rarr;<\/span><\/a><\/p>\n","protected":false},"author":1,"featured_media":0,"comment_status":"closed","ping_status":"open","sticky":false,"template":"","format":"standard","meta":{"footnotes":""},"categories":[1],"tags":[],"class_list":["post-3639","post","type-post","status-publish","format-standard","hentry","category-uncategorized"],"_links":{"self":[{"href":"http:\/\/delfin-pakrac.com\/press\/index.php?rest_route=\/wp\/v2\/posts\/3639","targetHints":{"allow":["GET"]}}],"collection":[{"href":"http:\/\/delfin-pakrac.com\/press\/index.php?rest_route=\/wp\/v2\/posts"}],"about":[{"href":"http:\/\/delfin-pakrac.com\/press\/index.php?rest_route=\/wp\/v2\/types\/post"}],"author":[{"embeddable":true,"href":"http:\/\/delfin-pakrac.com\/press\/index.php?rest_route=\/wp\/v2\/users\/1"}],"replies":[{"embeddable":true,"href":"http:\/\/delfin-pakrac.com\/press\/index.php?rest_route=%2Fwp%2Fv2%2Fcomments&post=3639"}],"version-history":[{"count":1,"href":"http:\/\/delfin-pakrac.com\/press\/index.php?rest_route=\/wp\/v2\/posts\/3639\/revisions"}],"predecessor-version":[{"id":3641,"href":"http:\/\/delfin-pakrac.com\/press\/index.php?rest_route=\/wp\/v2\/posts\/3639\/revisions\/3641"}],"wp:attachment":[{"href":"http:\/\/delfin-pakrac.com\/press\/index.php?rest_route=%2Fwp%2Fv2%2Fmedia&parent=3639"}],"wp:term":[{"taxonomy":"category","embeddable":true,"href":"http:\/\/delfin-pakrac.com\/press\/index.php?rest_route=%2Fwp%2Fv2%2Fcategories&post=3639"},{"taxonomy":"post_tag","embeddable":true,"href":"http:\/\/delfin-pakrac.com\/press\/index.php?rest_route=%2Fwp%2Fv2%2Ftags&post=3639"}],"curies":[{"name":"wp","href":"https:\/\/api.w.org\/{rel}","templated":true}]}}