{"id":3636,"date":"2025-02-13T14:43:45","date_gmt":"2025-02-13T13:43:45","guid":{"rendered":"http:\/\/delfin-pakrac.com\/press\/?p=3636"},"modified":"2025-02-13T14:43:45","modified_gmt":"2025-02-13T13:43:45","slug":"mreza-podrske-i-suradnje-za-zrtve-i-svjedoke-kaznenih-djela-sastanak-s-ministarstvom","status":"publish","type":"post","link":"http:\/\/delfin-pakrac.com\/press\/?p=3636","title":{"rendered":"MRE\u017dA PODR\u0160KE I SURADNJE ZA \u017dRTVE I SVJEDOKE KAZNENIH DJELA \u2013 sastanak s Ministarstvom"},"content":{"rendered":"<p>U \u010detvrtak, 13.02.2025. godine odr\u017ean je sastanak s Ministarstvom pravosu\u0111a, uprave i digitalne transformacije u sklopu Mre\u017ee podr\u0161ke i suradnje za \u017ertve i svjedoke kaznenih djela.<\/p>\n<p>Svaka organizacija iznijela je svoje kratko izvje\u0161\u0107e o provo\u0111enju aktivnosti koje su vezane za pru\u017eanje pravnog i psiholo\u0161kog savjetovanja. Govorilo se o novozaposlenim osobama, o\u010dekivanjima i izazovima u pronala\u017eenju stru\u010dnog kadra. Spomenulo se iskustvo suradnje s odjelima za podr\u0161ku \u017ertvama i svjedocima na sudovima svake \u017eupanije te je svatko mogao dati komentar, pitanje ili prijedlog za razvijanje postupanja koje bi trebalo biti u skladu s dru\u0161tvenim trendovima i potrebama lokalnih zajednica. <img loading=\"lazy\" decoding=\"async\" class=\"aligncenter size-large wp-image-3637\" src=\"http:\/\/delfin-pakrac.com\/press\/wp-content\/uploads\/2025\/02\/Snimka-zaslona-2025-02-13-101810-1-1024x581.png\" alt=\"\" width=\"584\" height=\"331\" srcset=\"http:\/\/delfin-pakrac.com\/press\/wp-content\/uploads\/2025\/02\/Snimka-zaslona-2025-02-13-101810-1-1024x581.png 1024w, http:\/\/delfin-pakrac.com\/press\/wp-content\/uploads\/2025\/02\/Snimka-zaslona-2025-02-13-101810-1-300x170.png 300w, http:\/\/delfin-pakrac.com\/press\/wp-content\/uploads\/2025\/02\/Snimka-zaslona-2025-02-13-101810-1-768x435.png 768w, http:\/\/delfin-pakrac.com\/press\/wp-content\/uploads\/2025\/02\/Snimka-zaslona-2025-02-13-101810-1-1536x871.png 1536w, http:\/\/delfin-pakrac.com\/press\/wp-content\/uploads\/2025\/02\/Snimka-zaslona-2025-02-13-101810-1-500x283.png 500w, http:\/\/delfin-pakrac.com\/press\/wp-content\/uploads\/2025\/02\/Snimka-zaslona-2025-02-13-101810-1.png 1688w\" sizes=\"auto, (max-width: 584px) 100vw, 584px\" \/><\/p>\n","protected":false},"excerpt":{"rendered":"<p>U \u010detvrtak, 13.02.2025. godine odr\u017ean je sastanak s Ministarstvom pravosu\u0111a, uprave i digitalne transformacije u sklopu Mre\u017ee podr\u0161ke i suradnje za \u017ertve i svjedoke kaznenih djela. Svaka organizacija iznijela je svoje kratko izvje\u0161\u0107e o provo\u0111enju aktivnosti koje su vezane za &hellip; <a href=\"http:\/\/delfin-pakrac.com\/press\/?p=3636\">Nastavi \u010ditati <span class=\"meta-nav\">&rarr;<\/span><\/a><\/p>\n","protected":false},"author":1,"featured_media":0,"comment_status":"closed","ping_status":"open","sticky":false,"template":"","format":"standard","meta":{"footnotes":""},"categories":[1],"tags":[],"class_list":["post-3636","post","type-post","status-publish","format-standard","hentry","category-uncategorized"],"_links":{"self":[{"href":"http:\/\/delfin-pakrac.com\/press\/index.php?rest_route=\/wp\/v2\/posts\/3636","targetHints":{"allow":["GET"]}}],"collection":[{"href":"http:\/\/delfin-pakrac.com\/press\/index.php?rest_route=\/wp\/v2\/posts"}],"about":[{"href":"http:\/\/delfin-pakrac.com\/press\/index.php?rest_route=\/wp\/v2\/types\/post"}],"author":[{"embeddable":true,"href":"http:\/\/delfin-pakrac.com\/press\/index.php?rest_route=\/wp\/v2\/users\/1"}],"replies":[{"embeddable":true,"href":"http:\/\/delfin-pakrac.com\/press\/index.php?rest_route=%2Fwp%2Fv2%2Fcomments&post=3636"}],"version-history":[{"count":1,"href":"http:\/\/delfin-pakrac.com\/press\/index.php?rest_route=\/wp\/v2\/posts\/3636\/revisions"}],"predecessor-version":[{"id":3638,"href":"http:\/\/delfin-pakrac.com\/press\/index.php?rest_route=\/wp\/v2\/posts\/3636\/revisions\/3638"}],"wp:attachment":[{"href":"http:\/\/delfin-pakrac.com\/press\/index.php?rest_route=%2Fwp%2Fv2%2Fmedia&parent=3636"}],"wp:term":[{"taxonomy":"category","embeddable":true,"href":"http:\/\/delfin-pakrac.com\/press\/index.php?rest_route=%2Fwp%2Fv2%2Fcategories&post=3636"},{"taxonomy":"post_tag","embeddable":true,"href":"http:\/\/delfin-pakrac.com\/press\/index.php?rest_route=%2Fwp%2Fv2%2Ftags&post=3636"}],"curies":[{"name":"wp","href":"https:\/\/api.w.org\/{rel}","templated":true}]}}